{"id":27305,"date":"2025-05-09T10:37:03","date_gmt":"2025-05-09T07:37:03","guid":{"rendered":"https:\/\/www.egemtv.com\/?p=27305"},"modified":"2025-05-09T10:37:08","modified_gmt":"2025-05-09T07:37:08","slug":"yoruklerin-sehit-aileleri-ve-gazilere-olan-destegi-karsiliksiz-kalmadi","status":"publish","type":"post","link":"https:\/\/www.egemtv.com\/?p=27305","title":{"rendered":"Y\u00f6r\u00fcklerin \u015fehit aileleri ve gazilere olan deste\u011fi kar\u015f\u0131l\u0131ks\u0131z kalmad\u0131"},"content":{"rendered":"<p>T\u00fcrkiye Harp Malul\u00fc Gaziler \u015eehit Dul ve Yetimleri Derne\u011fi Denizli \u015eubesi, derne\u011fe desteklerinden \u00f6t\u00fcr\u00fc Y\u00f6r\u00fck T\u00fcrkmen Vakf\u0131 Denizli \u0130l Beyi Ro\u015firvan \u00c7eki\u00e7\u2019e onursal \u00fcyelik belgesiyle onurland\u0131rd\u0131.<br \/>\n<br \/>T\u00fcrkiye Harp Malul\u00fc Gaziler \u015eehit Dul ve Yetimleri Derne\u011fi Denizli \u015eube Ba\u015fkan\u0131 Mustafa I\u015f\u0131k, ve y\u00f6netim kurulu karar\u0131yla derne\u011fe desteklerinden \u00f6t\u00fcr\u00fc, Y\u00f6r\u00fck T\u00fcrkmen Vakf\u0131 Denizli \u0130l Beyi Ro\u015firvan \u00c7eki\u00e7\u2019e onursal \u00fcyelik belgesi verildi. Denizli\u2019de ilk kez \u00c7eki\u00e7\u2019e verilen onursal \u00fcyelik belgesi i\u00e7in dernek binas\u0131nda t\u00f6ren d\u00fczenlendi.<\/p>\n<p>T\u00f6rende konu\u015fma yapan Ba\u015fkan I\u015f\u0131k, t\u00fcz\u00fck gere\u011fi derne\u011fe destek verenlere onur \u00fcyeli\u011fi verildi\u011fini s\u00f6yleyerek; &#8220;Vatan\u0131n b\u00f6l\u00fcnmez b\u00fct\u00fcnl\u00fc\u011f\u00fc u\u011fruna kahramanca m\u00fccadele veren, vatan topra\u011f\u0131m\u0131z\u0131 paha bi\u00e7ilmez k\u0131lan. Onu kutsalla\u015ft\u0131ran. Gelecek nesillere \u00f6zg\u00fcr ve ba\u011f\u0131ms\u0131z bir yurt arma\u011fan etmek amac\u0131yla g\u00f6z\u00fcn\u00fc k\u0131rpmadan v\u00fccudunu siper eden. Millet olarak olu\u015fumuzun birlik ve beraberli\u011fimizin, vatan sevgimizin \u00f6l\u00fcms\u00fcz kahramanlar\u0131 olan aziz \u015fehitlerimiz ve kahraman gazilerimiz i\u00e7in ne yapsak azd\u0131r. Ro\u015firvan \u00c7eki\u00e7, arkada\u015f\u0131m\u0131z, bu g\u00fcne kadar, camiam\u0131za, derne\u011fimize b\u00fcy\u00fck destek verdi, her zaman yan\u0131m\u0131zda oldu. Dernek y\u00f6netim kurulu karar\u0131m\u0131zla Ro\u015firvan \u00c7eki\u00e7\u2019e onursal \u00fcyelik belgemizi takdim ediyoruz. Kendisine, ailesine derne\u011fimize desteklerinden \u00f6t\u00fcr\u00fc \u00e7ok te\u015fekk\u00fcr ediyoruz\u2019 dedi. Kendisine verilen belge ile b\u00fcy\u00fck onur duydu\u011funu anlatan Ro\u015firvan \u00c7eki\u00e7\u2019te, \u2018Bu belgeyi \u00f6mr\u00fcm\u00fcn sonuna kadar saklayaca\u011f\u0131m. Her zaman derne\u011fimizin yan\u0131nday\u0131m. Dernek \u00fcyelerimize her zaman destek olmaya devam edece\u011fim. Dernek ba\u015fkan\u0131m\u0131za ve y\u00f6netim kurulu \u00fcyelerine \u00e7ok te\u015fekk\u00fcr ediyorum&#8221; dedi.<br \/><\/p>\n","protected":false},"excerpt":{"rendered":"<p>T\u00fcrkiye Harp Malul\u00fc Gaziler \u015eehit Dul ve Yetimleri Derne\u011fi Denizli \u015eubesi, derne\u011fe desteklerinden \u00f6t\u00fcr\u00fc Y\u00f6r\u00fck T\u00fcrkmen Vakf\u0131 Denizli \u0130l Beyi Ro\u015firvan \u00c7eki\u00e7\u2019e onursal \u00fcyelik belgesiyle onurland\u0131rd\u0131. T\u00fcrkiye Harp Malul\u00fc Gaziler \u015eehit Dul ve Yetimleri Derne\u011fi Denizli \u015eube Ba\u015fkan\u0131 Mustafa I\u015f\u0131k, ve y\u00f6netim kurulu karar\u0131yla derne\u011fe desteklerinden \u00f6t\u00fcr\u00fc, Y\u00f6r\u00fck T\u00fcrkmen Vakf\u0131 Denizli \u0130l Beyi Ro\u015firvan \u00c7eki\u00e7\u2019e&#8230;<\/p>\n","protected":false},"author":1,"featured_media":27306,"comment_status":"open","ping_status":"open","sticky":false,"template":"","format":"standard","meta":{"_crdt_document":"","footnotes":""},"categories":[123],"tags":[],"class_list":["post-27305","post","type-post","status-publish","format-standard","has-post-thumbnail","hentry","category-gundem"],"_links":{"self":[{"href":"https:\/\/www.egemtv.com\/index.php?rest_route=\/wp\/v2\/posts\/27305","targetHints":{"allow":["GET"]}}],"collection":[{"href":"https:\/\/www.egemtv.com\/index.php?rest_route=\/wp\/v2\/posts"}],"about":[{"href":"https:\/\/www.egemtv.com\/index.php?rest_route=\/wp\/v2\/types\/post"}],"author":[{"embeddable":true,"href":"https:\/\/www.egemtv.com\/index.php?rest_route=\/wp\/v2\/users\/1"}],"replies":[{"embeddable":true,"href":"https:\/\/www.egemtv.com\/index.php?rest_route=%2Fwp%2Fv2%2Fcomments&post=27305"}],"version-history":[{"count":1,"href":"https:\/\/www.egemtv.com\/index.php?rest_route=\/wp\/v2\/posts\/27305\/revisions"}],"predecessor-version":[{"id":27307,"href":"https:\/\/www.egemtv.com\/index.php?rest_route=\/wp\/v2\/posts\/27305\/revisions\/27307"}],"wp:featuredmedia":[{"embeddable":true,"href":"https:\/\/www.egemtv.com\/index.php?rest_route=\/wp\/v2\/media\/27306"}],"wp:attachment":[{"href":"https:\/\/www.egemtv.com\/index.php?rest_route=%2Fwp%2Fv2%2Fmedia&parent=27305"}],"wp:term":[{"taxonomy":"category","embeddable":true,"href":"https:\/\/www.egemtv.com\/index.php?rest_route=%2Fwp%2Fv2%2Fcategories&post=27305"},{"taxonomy":"post_tag","embeddable":true,"href":"https:\/\/www.egemtv.com\/index.php?rest_route=%2Fwp%2Fv2%2Ftags&post=27305"}],"curies":[{"name":"wp","href":"https:\/\/api.w.org\/{rel}","templated":true}]}}