{"id":27302,"date":"2025-05-09T10:36:58","date_gmt":"2025-05-09T07:36:58","guid":{"rendered":"https:\/\/www.egemtv.com\/?p=27302"},"modified":"2025-05-09T10:37:03","modified_gmt":"2025-05-09T07:37:03","slug":"eczaci-odasinin-etkinligine-aydinlilardan-yogun-ilgi","status":"publish","type":"post","link":"https:\/\/www.egemtv.com\/?p=27302","title":{"rendered":"Eczac\u0131 Odas\u0131\u2019n\u0131n etkinli\u011fine Ayd\u0131nl\u0131lardan yo\u011fun ilgi"},"content":{"rendered":"<p>Ayd\u0131n Eczac\u0131 Odas\u0131 taraf\u0131ndan d\u00fczenlenen etkinli\u011fe vatanda\u015flar yo\u011fun talep g\u00f6sterirken, sinirbilimci ve yazar Dr. Serkan Karaismailo\u011flu, kad\u0131n ve erkek beyni aras\u0131ndaki farklar\u0131 anlatt\u0131.<\/p>\n<p>Bilimsel Eczac\u0131l\u0131\u011f\u0131n 186. y\u0131ld\u00f6n\u00fcm\u00fc dolay\u0131s\u0131yla anlaml\u0131 bir etkinlik ger\u00e7ekle\u015ftiren Ayd\u0131n Eczac\u0131 Odas\u0131, n\u00f6roloji alan\u0131nda uzun s\u00fcren \u00e7al\u0131\u015fmalar yapan sinirbilimci ve yazar Dr. Serkan Karaismailo\u011flu\u2019nu Ayd\u0131nl\u0131larla bulu\u015fturdu. Kad\u0131n ve erkek beyninin aras\u0131ndaki farklar\u0131 bilimsel makaleler \u0131\u015f\u0131\u011f\u0131nda mizahi bir dille anlatan Dr. Karaismailo\u011flu, &#8220;Kad\u0131n Beyni, Erkek Beyni&#8221; isimli kitab\u0131ndan uyarlad\u0131\u011f\u0131 s\u00f6yle\u015fiye vatanda\u015flar da yo\u011fun ilgi g\u00f6sterdi. Dr. Karaismailo\u011flu\u2019nun kad\u0131n ve erkek beyni aras\u0131ndaki farklar\u0131 anlatt\u0131\u011f\u0131 etkinlikte Ayd\u0131nl\u0131lar bir yandan unutulmaz bir ak\u015fam ya\u015fad\u0131. Bir yandan fark\u0131ndal\u0131\u011f\u0131n olu\u015fmas\u0131n\u0131 da sa\u011flayan Dr. Karaismailo\u011flu, ayr\u0131ca bilim, beyin yap\u0131s\u0131, aile ve gen\u00e7lik \u00fczerine \u00f6nemli konulara da de\u011findi.<\/p>\n<p>Etkinli\u011fe yo\u011fun ilgi g\u00f6steren Ayd\u0131nl\u0131lara te\u015fekk\u00fcr eden Ayd\u0131n Eczac\u0131 Odas\u0131 Ba\u015fkan\u0131 Sefa Karaaslan; &#8220;Bug\u00fcn Bilimsel Eczac\u0131l\u0131\u011f\u0131n 186. y\u0131l\u0131 etkinlikleri kapsam\u0131nda halk\u0131m\u0131za da a\u00e7\u0131k bir organizasyon d\u00fczenledik. Dr. Serkan Karaismailo\u011flu \u2018Kad\u0131n Beyni Erkek Beyni\u2019 isimli s\u00f6yle\u015fide bizlerle birlikte oldu. \u015eu an g\u00f6rd\u00fck ki ger\u00e7ekten talep \u00e7ok yo\u011fun. Halk\u0131m\u0131z tevecc\u00fch g\u00f6steriyor. Biz bundan \u00e7ok mutluyuz. Bunun sonras\u0131nda da belki farkl\u0131 bir etkinliklerde gene halk\u0131m\u0131zla birlikte olmay\u0131 a\u00e7\u0131k\u00e7as\u0131 istiyoruz. Kat\u0131l\u0131mlar\u0131 i\u00e7in de\u011ferli halk\u0131m\u0131za, Serkan hocam\u0131za \u00e7ok te\u015fekk\u00fcr ediyorum. Ayr\u0131ca haftaya 14 May\u0131s Eczac\u0131l\u0131k Bayram\u0131\u2019n\u0131 da \u00e7e\u015fitli etkinliklerle kutlayaca\u011f\u0131z. Bas\u0131n a\u00e7\u0131klamam\u0131z, kahvalt\u0131m\u0131z ve kokteylimiz olacak. Ayr\u0131ca 25. y\u0131l plaket t\u00f6renimiz olacak. Orada gene meslekta\u015flar\u0131m\u0131zla ve misafirlerimiz ile birlikte olaca\u011f\u0131z. Bu vesile t\u00fcm eczac\u0131lar\u0131m\u0131z\u0131n Eczac\u0131l\u0131k Bayram\u0131\u2019n\u0131 kutluyorum. Halk\u0131m\u0131za da sa\u011fl\u0131kl\u0131 g\u00fcnler diliyorum&#8221; dedi.<br \/><\/p>\n","protected":false},"excerpt":{"rendered":"<p>Ayd\u0131n Eczac\u0131 Odas\u0131 taraf\u0131ndan d\u00fczenlenen etkinli\u011fe vatanda\u015flar yo\u011fun talep g\u00f6sterirken, sinirbilimci ve yazar Dr. Serkan Karaismailo\u011flu, kad\u0131n ve erkek beyni aras\u0131ndaki farklar\u0131 anlatt\u0131. Bilimsel Eczac\u0131l\u0131\u011f\u0131n 186. y\u0131ld\u00f6n\u00fcm\u00fc dolay\u0131s\u0131yla anlaml\u0131 bir etkinlik ger\u00e7ekle\u015ftiren Ayd\u0131n Eczac\u0131 Odas\u0131, n\u00f6roloji alan\u0131nda uzun s\u00fcren \u00e7al\u0131\u015fmalar yapan sinirbilimci ve yazar Dr. Serkan Karaismailo\u011flu\u2019nu Ayd\u0131nl\u0131larla bulu\u015fturdu. Kad\u0131n ve erkek beyninin aras\u0131ndaki farklar\u0131&#8230;<\/p>\n","protected":false},"author":1,"featured_media":27303,"comment_status":"open","ping_status":"open","sticky":false,"template":"","format":"standard","meta":{"_crdt_document":"","footnotes":""},"categories":[1],"tags":[],"class_list":["post-27302","post","type-post","status-publish","format-standard","has-post-thumbnail","hentry","category-guncel"],"_links":{"self":[{"href":"https:\/\/www.egemtv.com\/index.php?rest_route=\/wp\/v2\/posts\/27302","targetHints":{"allow":["GET"]}}],"collection":[{"href":"https:\/\/www.egemtv.com\/index.php?rest_route=\/wp\/v2\/posts"}],"about":[{"href":"https:\/\/www.egemtv.com\/index.php?rest_route=\/wp\/v2\/types\/post"}],"author":[{"embeddable":true,"href":"https:\/\/www.egemtv.com\/index.php?rest_route=\/wp\/v2\/users\/1"}],"replies":[{"embeddable":true,"href":"https:\/\/www.egemtv.com\/index.php?rest_route=%2Fwp%2Fv2%2Fcomments&post=27302"}],"version-history":[{"count":1,"href":"https:\/\/www.egemtv.com\/index.php?rest_route=\/wp\/v2\/posts\/27302\/revisions"}],"predecessor-version":[{"id":27304,"href":"https:\/\/www.egemtv.com\/index.php?rest_route=\/wp\/v2\/posts\/27302\/revisions\/27304"}],"wp:featuredmedia":[{"embeddable":true,"href":"https:\/\/www.egemtv.com\/index.php?rest_route=\/wp\/v2\/media\/27303"}],"wp:attachment":[{"href":"https:\/\/www.egemtv.com\/index.php?rest_route=%2Fwp%2Fv2%2Fmedia&parent=27302"}],"wp:term":[{"taxonomy":"category","embeddable":true,"href":"https:\/\/www.egemtv.com\/index.php?rest_route=%2Fwp%2Fv2%2Fcategories&post=27302"},{"taxonomy":"post_tag","embeddable":true,"href":"https:\/\/www.egemtv.com\/index.php?rest_route=%2Fwp%2Fv2%2Ftags&post=27302"}],"curies":[{"name":"wp","href":"https:\/\/api.w.org\/{rel}","templated":true}]}}