{"id":27299,"date":"2025-05-09T10:36:57","date_gmt":"2025-05-09T07:36:57","guid":{"rendered":"https:\/\/www.egemtv.com\/?p=27299"},"modified":"2025-05-09T10:36:58","modified_gmt":"2025-05-09T07:36:58","slug":"kutahyada-motosiklet-tutkunundan-yavru-yilan-uyarisi","status":"publish","type":"post","link":"https:\/\/www.egemtv.com\/?p=27299","title":{"rendered":"K\u00fctahya\u2019da motosiklet tutkunundan yavru y\u0131lan uyar\u0131s\u0131"},"content":{"rendered":"<p>K\u00fctahya\u2019n\u0131n Tav\u015fanl\u0131 il\u00e7esinde do\u011fa gezisine \u00e7\u0131kan motosiklet tutkunu Ahmet G\u00fcm\u00fc\u015f, ilkbaharla birlikte ortaya \u00e7\u0131kan yavru y\u0131l\u0131nlar konusunda vatanda\u015flar\u0131 uyard\u0131.<br \/>\n<br \/>Kuru\u00e7ay G\u00f6leti yak\u0131nlar\u0131nda k\u00fc\u00e7\u00fck bir y\u0131lan yavrusu ile kar\u015f\u0131la\u015fan G\u00fcm\u00fc\u015f, ilkbahar mevsiminin gelmesiyle birlikte y\u0131lanlar\u0131n s\u0131k\u00e7a g\u00f6r\u00fclmeye ba\u015fland\u0131\u011f\u0131na dikkat \u00e7ekti. Vatanda\u015flar\u0131 uyaran Ahmet. G\u00fcm\u00fc\u015f, &#8220;Bu mevsimde yavru y\u0131l\u0131nlar s\u0131k\u00e7a g\u00f6r\u00fclmeye ba\u015fl\u0131yor. \u0130nsanlara bu yavrular\u0131n \u00e7ok zarar\u0131 olmasa da \u00e7evre bunlar\u0131n anas\u0131 da, babas\u0131 da olabilir. Bu sebeple her ihtimale kar\u015f\u0131 dikkat etmek gerekir&#8221; ifadelerini kulland\u0131.<br \/>\n<br \/>G\u00fcm\u00fc\u015f, &#8220;Kuru\u00e7ay G\u00f6leti ve \u00e7evresi, do\u011fal g\u00fczellikleriyle bilinen ve s\u0131k\u00e7a ziyaret edilen bir b\u00f6lge. Ancak bu t\u00fcr do\u011fal alanlarda y\u0131lan gibi vah\u015fi hayvanlarla kar\u015f\u0131la\u015fma ihtimali de bulunuyor. Y\u0131lan yavrular\u0131 tedbirli yakla\u015f\u0131lmas\u0131 gereken canl\u0131lard\u0131r. \u00d6zellikle y\u0131lanlar\u0131n ya\u015fam alanlar\u0131na girilmemesi gerekiyor&#8221; diye belirtti.<br \/><\/p>\n","protected":false},"excerpt":{"rendered":"<p>K\u00fctahya\u2019n\u0131n Tav\u015fanl\u0131 il\u00e7esinde do\u011fa gezisine \u00e7\u0131kan motosiklet tutkunu Ahmet G\u00fcm\u00fc\u015f, ilkbaharla birlikte ortaya \u00e7\u0131kan yavru y\u0131l\u0131nlar konusunda vatanda\u015flar\u0131 uyard\u0131. Kuru\u00e7ay G\u00f6leti yak\u0131nlar\u0131nda k\u00fc\u00e7\u00fck bir y\u0131lan yavrusu ile kar\u015f\u0131la\u015fan G\u00fcm\u00fc\u015f, ilkbahar mevsiminin gelmesiyle birlikte y\u0131lanlar\u0131n s\u0131k\u00e7a g\u00f6r\u00fclmeye ba\u015fland\u0131\u011f\u0131na dikkat \u00e7ekti. Vatanda\u015flar\u0131 uyaran Ahmet. G\u00fcm\u00fc\u015f, &#8220;Bu mevsimde yavru y\u0131l\u0131nlar s\u0131k\u00e7a g\u00f6r\u00fclmeye ba\u015fl\u0131yor. \u0130nsanlara bu yavrular\u0131n \u00e7ok zarar\u0131&#8230;<\/p>\n","protected":false},"author":1,"featured_media":27300,"comment_status":"open","ping_status":"open","sticky":false,"template":"","format":"standard","meta":{"_crdt_document":"","footnotes":""},"categories":[1],"tags":[],"class_list":["post-27299","post","type-post","status-publish","format-standard","has-post-thumbnail","hentry","category-guncel"],"_links":{"self":[{"href":"https:\/\/www.egemtv.com\/index.php?rest_route=\/wp\/v2\/posts\/27299","targetHints":{"allow":["GET"]}}],"collection":[{"href":"https:\/\/www.egemtv.com\/index.php?rest_route=\/wp\/v2\/posts"}],"about":[{"href":"https:\/\/www.egemtv.com\/index.php?rest_route=\/wp\/v2\/types\/post"}],"author":[{"embeddable":true,"href":"https:\/\/www.egemtv.com\/index.php?rest_route=\/wp\/v2\/users\/1"}],"replies":[{"embeddable":true,"href":"https:\/\/www.egemtv.com\/index.php?rest_route=%2Fwp%2Fv2%2Fcomments&post=27299"}],"version-history":[{"count":1,"href":"https:\/\/www.egemtv.com\/index.php?rest_route=\/wp\/v2\/posts\/27299\/revisions"}],"predecessor-version":[{"id":27301,"href":"https:\/\/www.egemtv.com\/index.php?rest_route=\/wp\/v2\/posts\/27299\/revisions\/27301"}],"wp:featuredmedia":[{"embeddable":true,"href":"https:\/\/www.egemtv.com\/index.php?rest_route=\/wp\/v2\/media\/27300"}],"wp:attachment":[{"href":"https:\/\/www.egemtv.com\/index.php?rest_route=%2Fwp%2Fv2%2Fmedia&parent=27299"}],"wp:term":[{"taxonomy":"category","embeddable":true,"href":"https:\/\/www.egemtv.com\/index.php?rest_route=%2Fwp%2Fv2%2Fcategories&post=27299"},{"taxonomy":"post_tag","embeddable":true,"href":"https:\/\/www.egemtv.com\/index.php?rest_route=%2Fwp%2Fv2%2Ftags&post=27299"}],"curies":[{"name":"wp","href":"https:\/\/api.w.org\/{rel}","templated":true}]}}