{"id":27290,"date":"2025-05-09T10:16:17","date_gmt":"2025-05-09T07:16:17","guid":{"rendered":"https:\/\/www.egemtv.com\/?p=27290"},"modified":"2025-05-09T10:16:18","modified_gmt":"2025-05-09T07:16:18","slug":"mugla-orman-bolge-mudurlugunde-silvikultur-tatbikatlari-tamamlandi","status":"publish","type":"post","link":"https:\/\/www.egemtv.com\/?p=27290","title":{"rendered":"Mu\u011fla Orman B\u00f6lge M\u00fcd\u00fcrl\u00fc\u011f\u00fc\u2019nde silvik\u00fclt\u00fcr tatbikatlar\u0131 tamamland\u0131"},"content":{"rendered":"<p>Mu\u011fla Orman B\u00f6lge M\u00fcd\u00fcrl\u00fc\u011f\u00fc\u2019nde, ormanlar\u0131n s\u00fcrd\u00fcr\u00fclebilirli\u011fi ve sa\u011fl\u0131kl\u0131 geli\u015fimi i\u00e7in b\u00fcy\u00fck \u00f6nem ta\u015f\u0131yan 2025 y\u0131l\u0131 Silvik\u00fclt\u00fcr Tatbikatlar\u0131 ba\u015far\u0131yla tamamland\u0131. Tatbikatlar, Orman Genel M\u00fcd\u00fcrl\u00fc\u011f\u00fc Genel M\u00fcd\u00fcr Yard\u0131mc\u0131s\u0131 Muhammed Salih \u00c7etiner, Silvik\u00fclt\u00fcr Daire Ba\u015fkan\u0131 Mehmet R\u0131dvan \u00c7\u00f6rt\u00fc ve Mu\u011fla Orman B\u00f6lge M\u00fcd\u00fcr\u00fc Mustafa \u00dclk\u00fcd\u00fcr taraf\u0131ndan yerinde takip edildi.<\/p>\n<p>Her y\u0131l d\u00fczenli olarak ger\u00e7ekle\u015ftirilen ve silvik\u00fclt\u00fcrel uygulamalar\u0131n sahada uygulamal\u0131 olarak g\u00f6sterildi\u011fi e\u011fitim program\u0131, bu y\u0131l geni\u015f kat\u0131l\u0131mla ger\u00e7ekle\u015ftirildi. Tatbikatlara; \u00c7ank\u0131r\u0131 \u00dcniversitesi Orman Fak\u00fcltesi, Ege Ormanc\u0131l\u0131k Ara\u015ft\u0131rma Enstit\u00fcs\u00fc ve Bat\u0131 Akdeniz Ormanc\u0131l\u0131k Ara\u015ft\u0131rma Enstit\u00fcs\u00fc\u2019nden akademisyenler ile teknik uzmanlar da kat\u0131l\u0131m sa\u011flad\u0131.<\/p>\n<p>Tatbikatlar\u0131n ikinci g\u00fcn\u00fc olan 8 May\u0131s Per\u015fembe g\u00fcn\u00fc, Y\u0131lanl\u0131 ormanlar\u0131nda d\u00fczenlenen uygulamal\u0131 e\u011fitimlerde; Y\u0131lanl\u0131, Mu\u011fla, Ayd\u0131n, Nazilli, Milas, Yata\u011fan ve Kavakl\u0131dere Orman \u0130\u015fletme M\u00fcd\u00fcrl\u00fckleri aktif olarak yer ald\u0131.<\/p>\n<p>Silvik\u00fclt\u00fcr Daire Ba\u015fkanl\u0131\u011f\u0131\u2019ndan \u015eube M\u00fcd\u00fcrleri U\u011fur T\u00fcfek\u00e7io\u011flu, \u0130smail Cengiz Metin ve \u0130smail Hakk\u0131 Bari, yap\u0131lan uygulamal\u0131 e\u011fitimlerde saha \u00e7al\u0131\u015fmalar\u0131n\u0131 detaylar\u0131yla anlatt\u0131. Tatbikata ayr\u0131ca Mu\u011fla OBM B\u00f6lge M\u00fcd\u00fcr Yard\u0131mc\u0131s\u0131 Adnan G\u00fcller ile \u015eube M\u00fcd\u00fcrleri Melahat Gedik, Olcay Karata\u015f ve \u00d6nder Sermet de kat\u0131larak bilgi ve deneyimlerini sahada payla\u015ft\u0131.<\/p>\n<p>Silvik\u00fclt\u00fcr tatbikatlar\u0131nda, ormanlar\u0131n gen\u00e7le\u015ftirilmesi, bak\u0131m \u00e7al\u0131\u015fmalar\u0131 ve sa\u011fl\u0131kl\u0131 geli\u015fimi i\u00e7in gerekli teknikler uygulamal\u0131 olarak g\u00f6sterildi. E\u011fitimlere \u0130\u015fletme M\u00fcd\u00fcrleri, M\u00fcd\u00fcr Yard\u0131mc\u0131lar\u0131, \u0130\u015fletme \u015eefleri, Orman Muhafaza Memurlar\u0131 ve orman i\u015f\u00e7ileri yo\u011fun ilgi g\u00f6sterdi.<br \/><\/p>\n","protected":false},"excerpt":{"rendered":"<p>Mu\u011fla Orman B\u00f6lge M\u00fcd\u00fcrl\u00fc\u011f\u00fc\u2019nde, ormanlar\u0131n s\u00fcrd\u00fcr\u00fclebilirli\u011fi ve sa\u011fl\u0131kl\u0131 geli\u015fimi i\u00e7in b\u00fcy\u00fck \u00f6nem ta\u015f\u0131yan 2025 y\u0131l\u0131 Silvik\u00fclt\u00fcr Tatbikatlar\u0131 ba\u015far\u0131yla tamamland\u0131. Tatbikatlar, Orman Genel M\u00fcd\u00fcrl\u00fc\u011f\u00fc Genel M\u00fcd\u00fcr Yard\u0131mc\u0131s\u0131 Muhammed Salih \u00c7etiner, Silvik\u00fclt\u00fcr Daire Ba\u015fkan\u0131 Mehmet R\u0131dvan \u00c7\u00f6rt\u00fc ve Mu\u011fla Orman B\u00f6lge M\u00fcd\u00fcr\u00fc Mustafa \u00dclk\u00fcd\u00fcr taraf\u0131ndan yerinde takip edildi. Her y\u0131l d\u00fczenli olarak ger\u00e7ekle\u015ftirilen ve silvik\u00fclt\u00fcrel uygulamalar\u0131n sahada&#8230;<\/p>\n","protected":false},"author":1,"featured_media":27291,"comment_status":"open","ping_status":"open","sticky":false,"template":"","format":"standard","meta":{"_crdt_document":"","footnotes":""},"categories":[1],"tags":[],"class_list":["post-27290","post","type-post","status-publish","format-standard","has-post-thumbnail","hentry","category-guncel"],"_links":{"self":[{"href":"https:\/\/www.egemtv.com\/index.php?rest_route=\/wp\/v2\/posts\/27290","targetHints":{"allow":["GET"]}}],"collection":[{"href":"https:\/\/www.egemtv.com\/index.php?rest_route=\/wp\/v2\/posts"}],"about":[{"href":"https:\/\/www.egemtv.com\/index.php?rest_route=\/wp\/v2\/types\/post"}],"author":[{"embeddable":true,"href":"https:\/\/www.egemtv.com\/index.php?rest_route=\/wp\/v2\/users\/1"}],"replies":[{"embeddable":true,"href":"https:\/\/www.egemtv.com\/index.php?rest_route=%2Fwp%2Fv2%2Fcomments&post=27290"}],"version-history":[{"count":1,"href":"https:\/\/www.egemtv.com\/index.php?rest_route=\/wp\/v2\/posts\/27290\/revisions"}],"predecessor-version":[{"id":27292,"href":"https:\/\/www.egemtv.com\/index.php?rest_route=\/wp\/v2\/posts\/27290\/revisions\/27292"}],"wp:featuredmedia":[{"embeddable":true,"href":"https:\/\/www.egemtv.com\/index.php?rest_route=\/wp\/v2\/media\/27291"}],"wp:attachment":[{"href":"https:\/\/www.egemtv.com\/index.php?rest_route=%2Fwp%2Fv2%2Fmedia&parent=27290"}],"wp:term":[{"taxonomy":"category","embeddable":true,"href":"https:\/\/www.egemtv.com\/index.php?rest_route=%2Fwp%2Fv2%2Fcategories&post=27290"},{"taxonomy":"post_tag","embeddable":true,"href":"https:\/\/www.egemtv.com\/index.php?rest_route=%2Fwp%2Fv2%2Ftags&post=27290"}],"curies":[{"name":"wp","href":"https:\/\/api.w.org\/{rel}","templated":true}]}}