{"id":27287,"date":"2025-05-09T10:16:13","date_gmt":"2025-05-09T07:16:13","guid":{"rendered":"https:\/\/www.egemtv.com\/?p=27287"},"modified":"2025-05-09T10:16:17","modified_gmt":"2025-05-09T07:16:17","slug":"kutahyada-suleyman-sah-hamami-9-yildir-restore-edilmeyi-bekliyor","status":"publish","type":"post","link":"https:\/\/www.egemtv.com\/?p=27287","title":{"rendered":"K\u00fctahya\u2019da S\u00fcleyman \u015eah Hamam\u0131 9 y\u0131ld\u0131r restore edilmeyi bekliyor"},"content":{"rendered":"<p>K\u00fctahya\u2019n\u0131n Merkez B\u00f6rek\u00e7iler Mahallesi\u2019nde yer alan ve Germiyano\u011flu D\u00f6nemi\u2019ne ait \u0130maret K\u00fclliyesi, 2016 y\u0131l\u0131nda ger\u00e7ekle\u015ftirilen kurtarma kaz\u0131s\u0131yla g\u00fcn y\u00fcz\u00fcne \u00e7\u0131kar\u0131lmas\u0131na ra\u011fmen 9 y\u0131ld\u0131r restore edilmedi. Tarihi yap\u0131, zaman\u0131n y\u0131prat\u0131c\u0131 etkisi nedeniyle yok olma tehlikesiyle kar\u015f\u0131 kar\u015f\u0131ya bulunuyor.<br \/>\n<br \/>Kaz\u0131 alan\u0131nda yer alan yap\u0131lar aras\u0131nda II. Yakup Bey d\u00f6nemine ait imaret ve mescit (1411\/1412), sakahane, k\u00fct\u00fcphane olarak kay\u0131tlara ge\u00e7en bir yap\u0131 ile S\u00fcleyman \u015eah\u2019a ait oldu\u011fu d\u00fc\u015f\u00fcn\u00fclen tarihi bir hamam da yer al\u0131yor. Arkeolog Metin T\u00fcrkt\u00fcz\u00fcn, 1361-1387 y\u0131llar\u0131 aras\u0131na tarihlenen bu hamam\u0131n, Germiyano\u011flu Beyli\u011fi\u2019nin 3. H\u00fck\u00fcmdar\u0131 S\u00fcleyman \u015eah taraf\u0131ndan in\u015fa ettirildi\u011fini belirtiyor.<\/p>\n<p>Tarihe tan\u0131kl\u0131k eden bir k\u00fclliye<br \/>\n<br \/>Tarih\u00e7ilerin de ilgisini \u00e7eken k\u00fclliye, K\u00fctahya\u2019n\u0131n Osmanl\u0131 Beyli\u011fi\u2019ne kat\u0131lmas\u0131, Fetret Devri ve Germiyano\u011flu Beyli\u011fi\u2019nin yeniden canlanmas\u0131 gibi kritik tarihi s\u00fcre\u00e7lere tan\u0131kl\u0131k etti. Tarih\u00e7i \u00d6zlem Camk\u00f6z, k\u00fclliyeyi in\u015fa ettiren S\u00fcleyman \u015eah\u2019\u0131n, tarihin seyrini de\u011fi\u015ftiren \u00f6nemli bir devlet adam\u0131 oldu\u011funu vurgulayarak, bu k\u0131ymetli yap\u0131n\u0131n yok olma tehdidiyle kar\u015f\u0131 kar\u015f\u0131ya kalmas\u0131n\u0131 &#8220;anla\u015f\u0131lmas\u0131 g\u00fc\u00e7 bir vefas\u0131zl\u0131k&#8221; olarak nitelendirdi.<br \/>\n<br \/>Camk\u00f6z, Mevlana\u2019n\u0131n torunlar\u0131ndan Devlet\u015fah Hatun\u2019u Y\u0131ld\u0131r\u0131m Bayezid\u2019le evlendiren S\u00fcleyman \u015eah\u2019\u0131n, K\u00fctahya\u2019y\u0131 Osmanl\u0131\u2019ya sava\u015fs\u0131z teslim ederek Anadolu T\u00fcrk birli\u011fine katk\u0131 sundu\u011funu hat\u0131rlatarak, onun hat\u0131ras\u0131na ve eserlerine sahip \u00e7\u0131kman\u0131n her T\u00fcrk vatanda\u015f\u0131n\u0131n, \u00f6zellikle de K\u00fctahyal\u0131lar\u0131n g\u00f6revi oldu\u011funu ifade etti.<br \/>\n<br \/>\u00c7amk\u00f6z, yap\u0131n\u0131n vatanda\u015flar\u0131n yol g\u00fczergah\u0131nda olmas\u0131na ra\u011fmen, binan\u0131n ve binay\u0131 yapt\u0131ran Germiyano\u011flu S\u00fcleyman \u015eah\u2019\u0131n kimse taraf\u0131ndan bilinmedi\u011fini ifade etti.<\/p>\n<p>&#8220;Y\u00fczy\u0131l\u0131n ba\u015f\u0131nda daha belirgindi&#8221;<br \/>\n<br \/>Arkeolog Metin T\u00fcrkt\u00fcz\u00fcn, &#8220;Y\u00fczy\u0131l\u0131n ba\u015flar\u0131nda daha belirgin ve g\u00f6zlenebilir durumda olan hamam, bug\u00fcn moloz ve toprakla dolmu\u015f durumda. Bu eser, beylikler d\u00f6neminin mimari \u00f6zelliklerini yans\u0131tan \u00f6nemli \u00f6rneklerden biridir&#8221; diyerek acil restorasyon \u00e7a\u011fr\u0131s\u0131nda bulundu.<br \/>\n<br \/>Tarihi ve k\u00fclt\u00fcrel miras a\u00e7\u0131s\u0131ndan b\u00fcy\u00fck \u00f6neme sahip S\u00fcleyman \u015eah Hamam\u0131 ve \u0130maret K\u00fclliyesi\u2019nin yeniden aya\u011fa kald\u0131r\u0131lmas\u0131 i\u00e7in yetkililerin harekete ge\u00e7mesi bekleniyor.<br \/><\/p>\n","protected":false},"excerpt":{"rendered":"<p>K\u00fctahya\u2019n\u0131n Merkez B\u00f6rek\u00e7iler Mahallesi\u2019nde yer alan ve Germiyano\u011flu D\u00f6nemi\u2019ne ait \u0130maret K\u00fclliyesi, 2016 y\u0131l\u0131nda ger\u00e7ekle\u015ftirilen kurtarma kaz\u0131s\u0131yla g\u00fcn y\u00fcz\u00fcne \u00e7\u0131kar\u0131lmas\u0131na ra\u011fmen 9 y\u0131ld\u0131r restore edilmedi. Tarihi yap\u0131, zaman\u0131n y\u0131prat\u0131c\u0131 etkisi nedeniyle yok olma tehlikesiyle kar\u015f\u0131 kar\u015f\u0131ya bulunuyor. Kaz\u0131 alan\u0131nda yer alan yap\u0131lar aras\u0131nda II. Yakup Bey d\u00f6nemine ait imaret ve mescit (1411\/1412), sakahane, k\u00fct\u00fcphane olarak&#8230;<\/p>\n","protected":false},"author":1,"featured_media":27288,"comment_status":"open","ping_status":"open","sticky":false,"template":"","format":"standard","meta":{"_crdt_document":"","footnotes":""},"categories":[1],"tags":[],"class_list":["post-27287","post","type-post","status-publish","format-standard","has-post-thumbnail","hentry","category-guncel"],"_links":{"self":[{"href":"https:\/\/www.egemtv.com\/index.php?rest_route=\/wp\/v2\/posts\/27287","targetHints":{"allow":["GET"]}}],"collection":[{"href":"https:\/\/www.egemtv.com\/index.php?rest_route=\/wp\/v2\/posts"}],"about":[{"href":"https:\/\/www.egemtv.com\/index.php?rest_route=\/wp\/v2\/types\/post"}],"author":[{"embeddable":true,"href":"https:\/\/www.egemtv.com\/index.php?rest_route=\/wp\/v2\/users\/1"}],"replies":[{"embeddable":true,"href":"https:\/\/www.egemtv.com\/index.php?rest_route=%2Fwp%2Fv2%2Fcomments&post=27287"}],"version-history":[{"count":1,"href":"https:\/\/www.egemtv.com\/index.php?rest_route=\/wp\/v2\/posts\/27287\/revisions"}],"predecessor-version":[{"id":27289,"href":"https:\/\/www.egemtv.com\/index.php?rest_route=\/wp\/v2\/posts\/27287\/revisions\/27289"}],"wp:featuredmedia":[{"embeddable":true,"href":"https:\/\/www.egemtv.com\/index.php?rest_route=\/wp\/v2\/media\/27288"}],"wp:attachment":[{"href":"https:\/\/www.egemtv.com\/index.php?rest_route=%2Fwp%2Fv2%2Fmedia&parent=27287"}],"wp:term":[{"taxonomy":"category","embeddable":true,"href":"https:\/\/www.egemtv.com\/index.php?rest_route=%2Fwp%2Fv2%2Fcategories&post=27287"},{"taxonomy":"post_tag","embeddable":true,"href":"https:\/\/www.egemtv.com\/index.php?rest_route=%2Fwp%2Fv2%2Ftags&post=27287"}],"curies":[{"name":"wp","href":"https:\/\/api.w.org\/{rel}","templated":true}]}}