{"id":27284,"date":"2025-05-09T10:16:09","date_gmt":"2025-05-09T07:16:09","guid":{"rendered":"https:\/\/www.egemtv.com\/?p=27284"},"modified":"2025-05-09T10:16:13","modified_gmt":"2025-05-09T07:16:13","slug":"dogaseverlerden-yilanciburnu-cagri","status":"publish","type":"post","link":"https:\/\/www.egemtv.com\/?p=27284","title":{"rendered":"Do\u011faseverlerden Y\u0131lanc\u0131burnu \u00e7a\u011fr\u0131"},"content":{"rendered":"<p>T\u00fcrkiye\u2019nin \u00f6nemli k\u0131y\u0131 kentlerinden Ku\u015fadas\u0131\u2019nda yer alan Y\u0131lanc\u0131burnu Koyu, hem do\u011fal zenginli\u011fi hem de arkeolojik de\u011feriyle dikkat \u00e7ekerken, Ku\u015fadas\u0131 Sivil Toplum Platformu yapt\u0131\u011f\u0131 \u00e7a\u011fr\u0131 ile b\u00f6lgenin &#8220;Deniz Koruma Alan\u0131&#8221; ilan edilmesini istedi.<\/p>\n<p>Denizel biyo\u00e7e\u015fitlilik a\u00e7\u0131s\u0131ndan zengin t\u00fcrlere ev sahipli\u011fi yapan Ku\u015fadas\u0131\u2019nda bulunan Y\u0131lanc\u0131burnu Koyu\u2019nun \u00f6nemine dikkat \u00e7eken Ku\u015fadas\u0131 Sivil Toplum Platformu \u00fcyeleri b\u00f6lge ile ilgili bir bas\u0131n a\u00e7\u0131klamas\u0131 yay\u0131mlad\u0131. Deniz \u00e7ay\u0131rlar\u0131 gibi endemik t\u00fcrlere ev sahipli\u011fi yapan Y\u0131lanc\u0131burnu Koyu\u2019nun &#8220;Deniz Koruma Alan\u0131&#8221; olmas\u0131 y\u00f6n\u00fcnde \u00e7a\u011fr\u0131 yap\u0131lan &#8220;Y\u0131lanc\u0131burnu Koyu gelecektir, korunmazsa yok olur&#8221; ba\u015fl\u0131kl\u0131k a\u00e7\u0131klamada &#8220;Ku\u015fadas\u0131 K\u00f6rfezi, deniz makrofloras\u0131 (makroalgler ve deniz \u00e7ay\u0131rlar\u0131) a\u00e7\u0131s\u0131ndan zengin yataklara sahip olmas\u0131 nedeniyle, t\u00fcr \u00e7e\u015fitlili\u011fi ve nesli tehdit alt\u0131nda olan t\u00fcrler bak\u0131m\u0131ndan \u00e7ok \u00f6nemlidir. Denizel biyo\u00e7e\u015fitlili\u011fin s\u00fcrd\u00fcr\u00fclebilirli\u011fi a\u00e7\u0131s\u0131ndan \u00f6nemli olan deniz eri\u015ftelerinin b\u00fct\u00fcnc\u00fcl bir \u015fekilde korunmas\u0131 sa\u011flanmal\u0131d\u0131r. Ku\u015fadas\u0131 k\u0131y\u0131lar\u0131nda deniz \u00e7ay\u0131rlar\u0131n\u0131n en zengin oldu\u011fu alanlardan biri, Y\u0131lanc\u0131burnu ile G\u00fcvercinada aras\u0131nda kalan koydur. S\u00f6z konusu b\u00f6lgede hem karasal hem denizel alanlarda 1. ve 3. derece arkeolojik sit alanlar\u0131 bulunmaktad\u0131r. Ku\u015fadas\u0131\u2019n\u0131n binlerce y\u0131ll\u0131k tarihi siluetini b\u00fcy\u00fck \u00f6l\u00e7\u00fcde koruyarak g\u00fcn\u00fcm\u00fcze ta\u015f\u0131yan Y\u0131lanc\u0131burnu, Kese Da\u011f\u0131 ve G\u00fcvercinada b\u00f6lgesi, do\u011fal ve k\u00fclt\u00fcrel miras a\u00e7\u0131s\u0131ndan son derece hassas bir aland\u0131r. Y\u0131lanc\u0131burnu\u2019nun da i\u00e7inde yer ald\u0131\u011f\u0131 Neopolis Antik Kenti\u2019ne ili\u015fkin haz\u0131rlanan planlarda, arkeolojik sit stat\u00fcs\u00fcnden kaynakl\u0131 yap\u0131la\u015fma yasaklar\u0131 ve donat\u0131 dengesinin korunmas\u0131, planlama ilkeleri a\u00e7\u0131s\u0131ndan zorunlu g\u00f6r\u00fclm\u00fc\u015ft\u00fcr. Alan, 1. derece arkeolojik sit s\u0131n\u0131rlar\u0131 i\u00e7inde yer almakta olup, kamu yarar\u0131 ve k\u00fclt\u00fcrel miras\u0131n korunmas\u0131 ilkesi do\u011frultusunda yap\u0131la\u015fmay\u0131 mutlak bi\u00e7imde k\u0131s\u0131tlamaktad\u0131r. Dolay\u0131s\u0131yla, bu b\u00f6lge yaln\u0131zca do\u011fal de\u011fil, ayn\u0131 zamanda arkeolojik ve kentsel miras niteli\u011fi ta\u015f\u0131d\u0131\u011f\u0131ndan, herhangi bir yap\u0131la\u015fma veya i\u015flevsel d\u00f6n\u00fc\u015f\u00fcm giri\u015fimi geri d\u00f6n\u00fclmez zararlar do\u011furacakt\u0131r. Y\u0131lanc\u0131burnu\u2019nda k\u0131y\u0131 kamusall\u0131\u011f\u0131n\u0131n, tarihi siluetin, kent esteti\u011finin ve k\u00fclt\u00fcrel s\u00fcreklili\u011fin korunmas\u0131 gerekmektedir. Ancak bug\u00fcn, halk\u0131n denize serbest\u00e7e ula\u015fabildi\u011fi say\u0131l\u0131 alanlardan biri olan Y\u0131lanc\u0131burnu Koyu, dikenli tellerle \u00e7evrilmi\u015f durumdad\u0131r. Oysa Anayasa ve K\u0131y\u0131 Kanunu uyar\u0131nca k\u0131y\u0131lar kamuya aittir ve herkesin e\u015fitlik i\u00e7inde, serbest\u00e7e yararlanmas\u0131na a\u00e7\u0131kt\u0131r. Y\u0131lanc\u0131burnu Koyu, hem arkeolojik sit olmas\u0131 hem de bir\u00e7ok deniz canl\u0131s\u0131n\u0131n ya\u015fam alan\u0131 olan Akdeniz endemi\u011fi deniz \u00e7ay\u0131rlar\u0131n\u0131 bar\u0131nd\u0131rmas\u0131 a\u00e7\u0131s\u0131ndan \u00e7ok hassas bir b\u00f6lge oldu\u011fundan, s\u00f6z konusu alan\u0131n mutlak korumas\u0131 sa\u011flanmal\u0131, Y\u0131lanc\u0131burnu Koyu\u2019nda hem karasal hem denizel alanda herhangi bir yap\u0131la\u015fma ya da do\u011faya m\u00fcdahale te\u015fkil edecek projeye izin verilmemelidir. \u0130lgili kamu kurumlar\u0131 i\u015fbirli\u011fi i\u00e7inde hareket ederek, bu b\u00f6lgenin \u2018Deniz Koruma Alan\u0131\u2019 ilan edilmesi y\u00f6n\u00fcndeki s\u00fcre\u00e7 ba\u015flat\u0131lmal\u0131, bu s\u00fcre\u00e7 tamamlanana kadar da koruma ve denetim sorumlulu\u011fu eksiksiz bi\u00e7imde tamamlanmal\u0131d\u0131r. Ku\u015fadas\u0131 Sivil Toplum Platformu olarak, bu y\u00f6ndeki \u00f6nerimizin hayata ge\u00e7irilmesi ve ilgili kurumlara resmi olarak iletilmesi amac\u0131yla Ku\u015fadas\u0131 Kaymakaml\u0131\u011f\u0131\u2019na dilek\u00e7eyle ba\u015fvurulmu\u015ftur. Ku\u015fadas\u0131\u2019nda ya\u015fayan t\u00fcm vatanda\u015flar\u0131, bu e\u015fsiz k\u0131y\u0131 alan\u0131na sahip \u00e7\u0131kmaya ve gelecek ku\u015faklara aktar\u0131lmas\u0131 i\u00e7in verilen koruma m\u00fccadelesine destek olmaya \u00e7a\u011f\u0131r\u0131yoruz&#8221; ifadeleri yer ald\u0131.<br \/><\/p>\n","protected":false},"excerpt":{"rendered":"<p>T\u00fcrkiye\u2019nin \u00f6nemli k\u0131y\u0131 kentlerinden Ku\u015fadas\u0131\u2019nda yer alan Y\u0131lanc\u0131burnu Koyu, hem do\u011fal zenginli\u011fi hem de arkeolojik de\u011feriyle dikkat \u00e7ekerken, Ku\u015fadas\u0131 Sivil Toplum Platformu yapt\u0131\u011f\u0131 \u00e7a\u011fr\u0131 ile b\u00f6lgenin &#8220;Deniz Koruma Alan\u0131&#8221; ilan edilmesini istedi. Denizel biyo\u00e7e\u015fitlilik a\u00e7\u0131s\u0131ndan zengin t\u00fcrlere ev sahipli\u011fi yapan Ku\u015fadas\u0131\u2019nda bulunan Y\u0131lanc\u0131burnu Koyu\u2019nun \u00f6nemine dikkat \u00e7eken Ku\u015fadas\u0131 Sivil Toplum Platformu \u00fcyeleri b\u00f6lge ile ilgili&#8230;<\/p>\n","protected":false},"author":1,"featured_media":27285,"comment_status":"open","ping_status":"open","sticky":false,"template":"","format":"standard","meta":{"_crdt_document":"","footnotes":""},"categories":[1],"tags":[],"class_list":["post-27284","post","type-post","status-publish","format-standard","has-post-thumbnail","hentry","category-guncel"],"_links":{"self":[{"href":"https:\/\/www.egemtv.com\/index.php?rest_route=\/wp\/v2\/posts\/27284","targetHints":{"allow":["GET"]}}],"collection":[{"href":"https:\/\/www.egemtv.com\/index.php?rest_route=\/wp\/v2\/posts"}],"about":[{"href":"https:\/\/www.egemtv.com\/index.php?rest_route=\/wp\/v2\/types\/post"}],"author":[{"embeddable":true,"href":"https:\/\/www.egemtv.com\/index.php?rest_route=\/wp\/v2\/users\/1"}],"replies":[{"embeddable":true,"href":"https:\/\/www.egemtv.com\/index.php?rest_route=%2Fwp%2Fv2%2Fcomments&post=27284"}],"version-history":[{"count":1,"href":"https:\/\/www.egemtv.com\/index.php?rest_route=\/wp\/v2\/posts\/27284\/revisions"}],"predecessor-version":[{"id":27286,"href":"https:\/\/www.egemtv.com\/index.php?rest_route=\/wp\/v2\/posts\/27284\/revisions\/27286"}],"wp:featuredmedia":[{"embeddable":true,"href":"https:\/\/www.egemtv.com\/index.php?rest_route=\/wp\/v2\/media\/27285"}],"wp:attachment":[{"href":"https:\/\/www.egemtv.com\/index.php?rest_route=%2Fwp%2Fv2%2Fmedia&parent=27284"}],"wp:term":[{"taxonomy":"category","embeddable":true,"href":"https:\/\/www.egemtv.com\/index.php?rest_route=%2Fwp%2Fv2%2Fcategories&post=27284"},{"taxonomy":"post_tag","embeddable":true,"href":"https:\/\/www.egemtv.com\/index.php?rest_route=%2Fwp%2Fv2%2Ftags&post=27284"}],"curies":[{"name":"wp","href":"https:\/\/api.w.org\/{rel}","templated":true}]}}