{"id":27281,"date":"2025-05-09T10:16:03","date_gmt":"2025-05-09T07:16:03","guid":{"rendered":"https:\/\/www.egemtv.com\/?p=27281"},"modified":"2025-05-09T10:16:09","modified_gmt":"2025-05-09T07:16:09","slug":"baskan-tatik-universiteli-genclere-basariya-giden-yolu-anlatti","status":"publish","type":"post","link":"https:\/\/www.egemtv.com\/?p=27281","title":{"rendered":"Ba\u015fkan Tat\u0131k \u00fcniversiteli gen\u00e7lere ba\u015far\u0131ya giden yolu anlatt\u0131"},"content":{"rendered":"<p>Tavas Belediye Ba\u015fkan\u0131 Kadir Tat\u0131k, Tavas Meslek Y\u00fcksekokulu\u2019nda d\u00fczenlenen Kariyer Planlamas\u0131nda Ba\u015far\u0131ya Giden Yol Haritas\u0131 konulu s\u00f6yle\u015fiye kat\u0131ld\u0131.<br \/>\n<br \/>Tavas Belediye Ba\u015fkan\u0131 Kadir Tat\u0131k, PA\u00dc Tavas Meslek Y\u00fcksekokulu\u2019nda Klinik Psikolog G\u00fcl\u015fen Yar\u0131mca\u2019n\u0131n \u2018Kariyer Planlamas\u0131nda Ba\u015far\u0131ya Giden Yol Haritas\u0131\u2019 konulu s\u00f6yle\u015fisine kat\u0131ld\u0131. Gen\u00e7lerin kariyer hedeflerini belirlerken do\u011fru rehberlik ve ilham verici \u00f6rneklerin k\u0131ymetli oldu\u011funu vurgulayan Ba\u015fkan Tat\u0131k, &#8220;Kariyer yolculu\u011funda kendini tan\u0131man\u0131n ve cesur ad\u0131mlar atman\u0131n \u00f6nemini bir kez daha hat\u0131rlad\u0131k. Ba\u015fta G\u00fcl\u015fen Han\u0131m olmak \u00fczere eme\u011fi ge\u00e7en herkese te\u015fekk\u00fcr ederim&#8221; dedi.<br \/><\/p>\n","protected":false},"excerpt":{"rendered":"<p>Tavas Belediye Ba\u015fkan\u0131 Kadir Tat\u0131k, Tavas Meslek Y\u00fcksekokulu\u2019nda d\u00fczenlenen Kariyer Planlamas\u0131nda Ba\u015far\u0131ya Giden Yol Haritas\u0131 konulu s\u00f6yle\u015fiye kat\u0131ld\u0131. Tavas Belediye Ba\u015fkan\u0131 Kadir Tat\u0131k, PA\u00dc Tavas Meslek Y\u00fcksekokulu\u2019nda Klinik Psikolog G\u00fcl\u015fen Yar\u0131mca\u2019n\u0131n \u2018Kariyer Planlamas\u0131nda Ba\u015far\u0131ya Giden Yol Haritas\u0131\u2019 konulu s\u00f6yle\u015fisine kat\u0131ld\u0131. Gen\u00e7lerin kariyer hedeflerini belirlerken do\u011fru rehberlik ve ilham verici \u00f6rneklerin k\u0131ymetli oldu\u011funu vurgulayan Ba\u015fkan Tat\u0131k,&#8230;<\/p>\n","protected":false},"author":1,"featured_media":27282,"comment_status":"open","ping_status":"open","sticky":false,"template":"","format":"standard","meta":{"_crdt_document":"","footnotes":""},"categories":[1],"tags":[],"class_list":["post-27281","post","type-post","status-publish","format-standard","has-post-thumbnail","hentry","category-guncel"],"_links":{"self":[{"href":"https:\/\/www.egemtv.com\/index.php?rest_route=\/wp\/v2\/posts\/27281","targetHints":{"allow":["GET"]}}],"collection":[{"href":"https:\/\/www.egemtv.com\/index.php?rest_route=\/wp\/v2\/posts"}],"about":[{"href":"https:\/\/www.egemtv.com\/index.php?rest_route=\/wp\/v2\/types\/post"}],"author":[{"embeddable":true,"href":"https:\/\/www.egemtv.com\/index.php?rest_route=\/wp\/v2\/users\/1"}],"replies":[{"embeddable":true,"href":"https:\/\/www.egemtv.com\/index.php?rest_route=%2Fwp%2Fv2%2Fcomments&post=27281"}],"version-history":[{"count":1,"href":"https:\/\/www.egemtv.com\/index.php?rest_route=\/wp\/v2\/posts\/27281\/revisions"}],"predecessor-version":[{"id":27283,"href":"https:\/\/www.egemtv.com\/index.php?rest_route=\/wp\/v2\/posts\/27281\/revisions\/27283"}],"wp:featuredmedia":[{"embeddable":true,"href":"https:\/\/www.egemtv.com\/index.php?rest_route=\/wp\/v2\/media\/27282"}],"wp:attachment":[{"href":"https:\/\/www.egemtv.com\/index.php?rest_route=%2Fwp%2Fv2%2Fmedia&parent=27281"}],"wp:term":[{"taxonomy":"category","embeddable":true,"href":"https:\/\/www.egemtv.com\/index.php?rest_route=%2Fwp%2Fv2%2Fcategories&post=27281"},{"taxonomy":"post_tag","embeddable":true,"href":"https:\/\/www.egemtv.com\/index.php?rest_route=%2Fwp%2Fv2%2Ftags&post=27281"}],"curies":[{"name":"wp","href":"https:\/\/api.w.org\/{rel}","templated":true}]}}