{"id":27278,"date":"2025-05-09T09:57:19","date_gmt":"2025-05-09T06:57:19","guid":{"rendered":"https:\/\/www.egemtv.com\/?p=27278"},"modified":"2025-05-09T09:57:24","modified_gmt":"2025-05-09T06:57:24","slug":"kutahyada-azerbaycan-ulusal-lideri-haydar-aliyev-hatirasina-102-fidan-dikildi","status":"publish","type":"post","link":"https:\/\/www.egemtv.com\/?p=27278","title":{"rendered":"K\u00fctahya\u2019da Azerbaycan Ulusal Lideri Haydar Aliyev hat\u0131ras\u0131na 102 fidan dikildi"},"content":{"rendered":"<p>Azerbaycan\u2019\u0131n ulusal lideri Haydar Aliyev, do\u011fumunun 102\u2019inci y\u0131l\u0131nda K\u00fctahya\u2019da d\u00fczenlenen anlaml\u0131 bir etkinlikle an\u0131ld\u0131.<br \/>\n<br \/>K\u00fctahya Azerbaycanl\u0131lar K\u00fclt\u00fcr ve Dayan\u0131\u015fma Derne\u011fi taraf\u0131ndan organize edilen programda, Karaba\u011f \u015fehitlerinin aziz hat\u0131ras\u0131na ithafen 102 fidan toprakla bulu\u015fturuldu. T\u00fcrkiye-Azerbaycan dostlu\u011funu peki\u015ftiren etkinlikte, \u00f6zellikle gen\u00e7lerin yo\u011fun kat\u0131l\u0131m\u0131 ve co\u015fkusu dikkat \u00e7ekti. Fidan dikimi s\u0131ras\u0131nda hem duygusal anlar ya\u015fand\u0131, hem de iki \u00fclke aras\u0131ndaki karde\u015flik bir kez daha vurguland\u0131. Dernek Ba\u015fkan\u0131 \u0130lqar \u0130drisov etkinlikte yapt\u0131\u011f\u0131 konu\u015fmada, &#8220;\u00dcmumilli Liderimiz Haydar Aliyev\u2019i ve Karaba\u011f\u2019da can veren \u015fehitlerimizi asla unutmad\u0131k. Haydar Aliyev\u2019in bizlere miras b\u0131rakt\u0131\u011f\u0131 \u2018Bir millet, iki devlet\u2019 anlay\u0131\u015f\u0131yla bu birlikteli\u011fi ya\u015fatmaya devam edece\u011fiz&#8221; ifadelerini kulland\u0131.<br \/>\n<br \/>Etkinli\u011fin sonunda kat\u0131l\u0131mc\u0131lar, Aliyev\u2019in miras\u0131na sahip \u00e7\u0131karak &#8220;Bir millet, iki devlet&#8221; sloganlar\u0131yla t\u00f6reni tamamlad\u0131.<br \/><\/p>\n","protected":false},"excerpt":{"rendered":"<p>Azerbaycan\u2019\u0131n ulusal lideri Haydar Aliyev, do\u011fumunun 102\u2019inci y\u0131l\u0131nda K\u00fctahya\u2019da d\u00fczenlenen anlaml\u0131 bir etkinlikle an\u0131ld\u0131. K\u00fctahya Azerbaycanl\u0131lar K\u00fclt\u00fcr ve Dayan\u0131\u015fma Derne\u011fi taraf\u0131ndan organize edilen programda, Karaba\u011f \u015fehitlerinin aziz hat\u0131ras\u0131na ithafen 102 fidan toprakla bulu\u015fturuldu. T\u00fcrkiye-Azerbaycan dostlu\u011funu peki\u015ftiren etkinlikte, \u00f6zellikle gen\u00e7lerin yo\u011fun kat\u0131l\u0131m\u0131 ve co\u015fkusu dikkat \u00e7ekti. Fidan dikimi s\u0131ras\u0131nda hem duygusal anlar ya\u015fand\u0131, hem de iki&#8230;<\/p>\n","protected":false},"author":1,"featured_media":27279,"comment_status":"open","ping_status":"open","sticky":false,"template":"","format":"standard","meta":{"_crdt_document":"","footnotes":""},"categories":[123],"tags":[],"class_list":["post-27278","post","type-post","status-publish","format-standard","has-post-thumbnail","hentry","category-gundem"],"_links":{"self":[{"href":"https:\/\/www.egemtv.com\/index.php?rest_route=\/wp\/v2\/posts\/27278","targetHints":{"allow":["GET"]}}],"collection":[{"href":"https:\/\/www.egemtv.com\/index.php?rest_route=\/wp\/v2\/posts"}],"about":[{"href":"https:\/\/www.egemtv.com\/index.php?rest_route=\/wp\/v2\/types\/post"}],"author":[{"embeddable":true,"href":"https:\/\/www.egemtv.com\/index.php?rest_route=\/wp\/v2\/users\/1"}],"replies":[{"embeddable":true,"href":"https:\/\/www.egemtv.com\/index.php?rest_route=%2Fwp%2Fv2%2Fcomments&post=27278"}],"version-history":[{"count":1,"href":"https:\/\/www.egemtv.com\/index.php?rest_route=\/wp\/v2\/posts\/27278\/revisions"}],"predecessor-version":[{"id":27280,"href":"https:\/\/www.egemtv.com\/index.php?rest_route=\/wp\/v2\/posts\/27278\/revisions\/27280"}],"wp:featuredmedia":[{"embeddable":true,"href":"https:\/\/www.egemtv.com\/index.php?rest_route=\/wp\/v2\/media\/27279"}],"wp:attachment":[{"href":"https:\/\/www.egemtv.com\/index.php?rest_route=%2Fwp%2Fv2%2Fmedia&parent=27278"}],"wp:term":[{"taxonomy":"category","embeddable":true,"href":"https:\/\/www.egemtv.com\/index.php?rest_route=%2Fwp%2Fv2%2Fcategories&post=27278"},{"taxonomy":"post_tag","embeddable":true,"href":"https:\/\/www.egemtv.com\/index.php?rest_route=%2Fwp%2Fv2%2Ftags&post=27278"}],"curies":[{"name":"wp","href":"https:\/\/api.w.org\/{rel}","templated":true}]}}