{"id":27275,"date":"2025-05-09T09:57:15","date_gmt":"2025-05-09T06:57:15","guid":{"rendered":"https:\/\/www.egemtv.com\/?p=27275"},"modified":"2025-05-09T09:57:19","modified_gmt":"2025-05-09T06:57:19","slug":"kutahyada-ogrencilere-trafik-egitimi","status":"publish","type":"post","link":"https:\/\/www.egemtv.com\/?p=27275","title":{"rendered":"K\u00fctahya\u2019da \u00f6\u011frencilere trafik e\u011fitimi"},"content":{"rendered":"<p>K\u00fctahya\u2019da \u2019Trafik Haftas\u0131\u2019 etkinlikleri \u00e7er\u00e7evesinde jandarma ekipleri taraf\u0131ndan \u00f6\u011frencilere trafik e\u011fitimi verildi.<br \/>\n<br \/>Merkez \u0130l\u00e7e Jandarma Komutanl\u0131\u011f\u0131 1\u2019nci Trafik Jandarma Tim Komutanl\u0131\u011f\u0131, 1\u2019 nci Motorlu Trafik Jandarma Tim Komutanl\u0131\u011f\u0131 ve Aile \u0130\u00e7i \u015eiddetle M\u00fccadele ve \u00c7ocuk K\u0131s\u0131m Amirli\u011fince \u00c7aml\u0131ca ilkokulunda Trafik Haftas\u0131 etkinlikleri \u00e7er\u00e7evesinde 90 \u00f6\u011frenciye, genel trafik kurallar\u0131, trafik i\u015faretleri, yaya ge\u00e7idi, okul ge\u00e7idi, yaya kurallar\u0131, kar\u015f\u0131dan kar\u015f\u0131ya ge\u00e7i\u015f, emniyet kemeri kullan\u0131m\u0131n\u0131n \u00f6nemi, bisiklet ve kask kullan\u0131m\u0131 gibi benzeri konularda e\u011fitim verildi. \u00d6\u011frencilere ayr\u0131ca trafik e\u011fitim parkurunda uygulamal\u0131 e\u011fitim yapt\u0131r\u0131ld\u0131.<br \/><\/p>\n","protected":false},"excerpt":{"rendered":"<p>K\u00fctahya\u2019da \u2019Trafik Haftas\u0131\u2019 etkinlikleri \u00e7er\u00e7evesinde jandarma ekipleri taraf\u0131ndan \u00f6\u011frencilere trafik e\u011fitimi verildi. Merkez \u0130l\u00e7e Jandarma Komutanl\u0131\u011f\u0131 1\u2019nci Trafik Jandarma Tim Komutanl\u0131\u011f\u0131, 1\u2019 nci Motorlu Trafik Jandarma Tim Komutanl\u0131\u011f\u0131 ve Aile \u0130\u00e7i \u015eiddetle M\u00fccadele ve \u00c7ocuk K\u0131s\u0131m Amirli\u011fince \u00c7aml\u0131ca ilkokulunda Trafik Haftas\u0131 etkinlikleri \u00e7er\u00e7evesinde 90 \u00f6\u011frenciye, genel trafik kurallar\u0131, trafik i\u015faretleri, yaya ge\u00e7idi, okul ge\u00e7idi, yaya&#8230;<\/p>\n","protected":false},"author":1,"featured_media":27276,"comment_status":"open","ping_status":"open","sticky":false,"template":"","format":"standard","meta":{"_crdt_document":"","footnotes":""},"categories":[1],"tags":[],"class_list":["post-27275","post","type-post","status-publish","format-standard","has-post-thumbnail","hentry","category-guncel"],"_links":{"self":[{"href":"https:\/\/www.egemtv.com\/index.php?rest_route=\/wp\/v2\/posts\/27275","targetHints":{"allow":["GET"]}}],"collection":[{"href":"https:\/\/www.egemtv.com\/index.php?rest_route=\/wp\/v2\/posts"}],"about":[{"href":"https:\/\/www.egemtv.com\/index.php?rest_route=\/wp\/v2\/types\/post"}],"author":[{"embeddable":true,"href":"https:\/\/www.egemtv.com\/index.php?rest_route=\/wp\/v2\/users\/1"}],"replies":[{"embeddable":true,"href":"https:\/\/www.egemtv.com\/index.php?rest_route=%2Fwp%2Fv2%2Fcomments&post=27275"}],"version-history":[{"count":1,"href":"https:\/\/www.egemtv.com\/index.php?rest_route=\/wp\/v2\/posts\/27275\/revisions"}],"predecessor-version":[{"id":27277,"href":"https:\/\/www.egemtv.com\/index.php?rest_route=\/wp\/v2\/posts\/27275\/revisions\/27277"}],"wp:featuredmedia":[{"embeddable":true,"href":"https:\/\/www.egemtv.com\/index.php?rest_route=\/wp\/v2\/media\/27276"}],"wp:attachment":[{"href":"https:\/\/www.egemtv.com\/index.php?rest_route=%2Fwp%2Fv2%2Fmedia&parent=27275"}],"wp:term":[{"taxonomy":"category","embeddable":true,"href":"https:\/\/www.egemtv.com\/index.php?rest_route=%2Fwp%2Fv2%2Fcategories&post=27275"},{"taxonomy":"post_tag","embeddable":true,"href":"https:\/\/www.egemtv.com\/index.php?rest_route=%2Fwp%2Fv2%2Ftags&post=27275"}],"curies":[{"name":"wp","href":"https:\/\/api.w.org\/{rel}","templated":true}]}}