{"id":27272,"date":"2025-05-09T09:57:10","date_gmt":"2025-05-09T06:57:10","guid":{"rendered":"https:\/\/www.egemtv.com\/?p=27272"},"modified":"2025-05-09T09:57:14","modified_gmt":"2025-05-09T06:57:14","slug":"usta-zibkincilar-maharetlerini-didim-aciklarinda-sergileyecek","status":"publish","type":"post","link":"https:\/\/www.egemtv.com\/?p=27272","title":{"rendered":"Usta z\u0131bk\u0131nc\u0131lar maharetlerini Didim a\u00e7\u0131klar\u0131nda sergileyecek"},"content":{"rendered":"<p>T\u00fcrkiye Sualt\u0131 Sporlar\u0131 Federasyonu (TSSF), 2005 etkinlik program\u0131nda yer alan Z\u0131pk\u0131nla Bal\u0131k Av\u0131 Kul\u00fcpler Aras\u0131 T\u00fcrkiye \u015eampiyonas\u0131 ve Milli Tak\u0131m Se\u00e7meleri 10 May\u0131s Cumartesi G\u00fcn\u00fc Didim a\u00e7\u0131klar\u0131nda yap\u0131lacak.<br \/>\n<br \/>Ayd\u0131n\u2019\u0131n Didim il\u00e7esinin G\u00fcll\u00fck K\u00f6rfezi\u2019nde belirlenmi\u015f yar\u0131\u015fma b\u00f6lgesinde TSSF taraf\u0131ndan ger\u00e7ekle\u015ftirilecek Z\u0131pk\u0131nla Bal\u0131k Av\u0131 Kul\u00fcpler Aras\u0131 T\u00fcrkiye \u015eampiyonas\u0131 ve Milli Tak\u0131m Se\u00e7meleri\u2019ne 23 spor kul\u00fcb\u00fcnden 25 tak\u0131m kat\u0131l\u0131yor. Akademi Koyu\u2019ndan ba\u015flay\u0131p Panay\u0131r Adas\u0131\u2019n\u0131 da i\u00e7ine alacak \u015fekilde Haydar ve Y\u0131ld\u0131z koylar\u0131na kadar uzanan yar\u0131\u015fma b\u00f6lgesindeki \u015fampiyonluk m\u00fccadeleleri cumartesi g\u00fcn\u00fc saat 08:30-13.30 saatleri aras\u0131nda yap\u0131lacak.  Bug\u00fcn Alt\u0131nkum Plaj\u0131\u2019ndaki Yal\u0131 Caddesi\u2019nde ba\u015flayacak kortej y\u00fcr\u00fcy\u00fc\u015f\u00fcn\u00fcn ard\u0131ndan, dal\u0131\u015flar\u0131n emniyetli bir \u015fekilde ger\u00e7ekle\u015ftirilmesi i\u00e7in Sahil G\u00fcvenlik Komutanl\u0131\u011f\u0131 ekiplerinin e\u015flik edece\u011fi z\u0131pk\u0131nc\u0131lar toplam 36 botla yar\u0131\u015facak. Sporcular, G\u00fcll\u00fck K\u00f6rfezi\u2019nde \u015fampiyonlu\u011fu getirecek t\u00fcr ve a\u011f\u0131rl\u0131kta bal\u0131klar\u0131 yakalamak i\u00e7in tek nefeste dal\u0131\u015flar yapacak.<br \/>\n<br \/>Alt\u0131nkum Plaj\u0131\u2019nda j\u00fcri \u00f6n\u00fcnde tart\u0131 i\u015fleminin ard\u0131ndan \u015fampiyon tak\u0131m ve sporcular\u0131n belirlenece\u011fi yar\u0131\u015fmalarda dereceye giren tak\u0131m ve sporcular \u00f6d\u00fcllendirilecek.  Bireysel performanslar\u0131yla y\u00fcksek puan alan sporcular aras\u0131ndan Z\u0131pk\u0131nla Bal\u0131k Av\u0131 Milli Tak\u0131m aday kadrolar\u0131 da belirlenecek.<br \/>\n<br \/>T\u00fcrkiye, ge\u00e7en y\u0131l bu bran\u015fta ilk kez uluslararas\u0131 bir yar\u0131\u015fmaya ev sahipli\u011fi yapm\u0131\u015ft\u0131. TSSF\u2019nin Bal\u0131kesir Erdek\u2019te d\u00fczenledi\u011fi 34. Erkekler ve 3. Kad\u0131nlar D\u00fcnya Sualt\u0131 Aktiviteleri Konfederasyonu (CMAS)  Z\u0131pk\u0131nla Bal\u0131k Av\u0131 Avrupa-Afrika \u015eampiyonas\u0131\u2019nda TSSF Milli Tak\u0131mlar\u0131 erkeklerde \u015fampiyon, kad\u0131nlarda ikinci olmu\u015ftu.<br \/>\n<br \/>TSSF Ba\u015fkan\u0131 Kadir Sa\u011flam yapt\u0131\u011f\u0131 a\u00e7\u0131klamada, T\u00fcrkiye \u015fampiyonlu\u011funa kat\u0131lan t\u00fcm spor kul\u00fcplere ve sporcular\u0131na ba\u015far\u0131lar diledi\u011fini ifade ederek, son y\u0131llarda bu bran\u015fta uluslararas\u0131 tarihi ba\u015far\u0131lara imza att\u0131klar\u0131n\u0131 bu y\u0131l da g\u00fc\u00e7l\u00fc bir milli tak\u0131m olu\u015fturacaklar\u0131na inand\u0131\u011f\u0131n\u0131 belirtti.<br \/><\/p>\n","protected":false},"excerpt":{"rendered":"<p>T\u00fcrkiye Sualt\u0131 Sporlar\u0131 Federasyonu (TSSF), 2005 etkinlik program\u0131nda yer alan Z\u0131pk\u0131nla Bal\u0131k Av\u0131 Kul\u00fcpler Aras\u0131 T\u00fcrkiye \u015eampiyonas\u0131 ve Milli Tak\u0131m Se\u00e7meleri 10 May\u0131s Cumartesi G\u00fcn\u00fc Didim a\u00e7\u0131klar\u0131nda yap\u0131lacak. Ayd\u0131n\u2019\u0131n Didim il\u00e7esinin G\u00fcll\u00fck K\u00f6rfezi\u2019nde belirlenmi\u015f yar\u0131\u015fma b\u00f6lgesinde TSSF taraf\u0131ndan ger\u00e7ekle\u015ftirilecek Z\u0131pk\u0131nla Bal\u0131k Av\u0131 Kul\u00fcpler Aras\u0131 T\u00fcrkiye \u015eampiyonas\u0131 ve Milli Tak\u0131m Se\u00e7meleri\u2019ne 23 spor kul\u00fcb\u00fcnden 25 tak\u0131m&#8230;<\/p>\n","protected":false},"author":1,"featured_media":27273,"comment_status":"open","ping_status":"open","sticky":false,"template":"","format":"standard","meta":{"_crdt_document":"","footnotes":""},"categories":[4],"tags":[],"class_list":["post-27272","post","type-post","status-publish","format-standard","has-post-thumbnail","hentry","category-spor"],"_links":{"self":[{"href":"https:\/\/www.egemtv.com\/index.php?rest_route=\/wp\/v2\/posts\/27272","targetHints":{"allow":["GET"]}}],"collection":[{"href":"https:\/\/www.egemtv.com\/index.php?rest_route=\/wp\/v2\/posts"}],"about":[{"href":"https:\/\/www.egemtv.com\/index.php?rest_route=\/wp\/v2\/types\/post"}],"author":[{"embeddable":true,"href":"https:\/\/www.egemtv.com\/index.php?rest_route=\/wp\/v2\/users\/1"}],"replies":[{"embeddable":true,"href":"https:\/\/www.egemtv.com\/index.php?rest_route=%2Fwp%2Fv2%2Fcomments&post=27272"}],"version-history":[{"count":1,"href":"https:\/\/www.egemtv.com\/index.php?rest_route=\/wp\/v2\/posts\/27272\/revisions"}],"predecessor-version":[{"id":27274,"href":"https:\/\/www.egemtv.com\/index.php?rest_route=\/wp\/v2\/posts\/27272\/revisions\/27274"}],"wp:featuredmedia":[{"embeddable":true,"href":"https:\/\/www.egemtv.com\/index.php?rest_route=\/wp\/v2\/media\/27273"}],"wp:attachment":[{"href":"https:\/\/www.egemtv.com\/index.php?rest_route=%2Fwp%2Fv2%2Fmedia&parent=27272"}],"wp:term":[{"taxonomy":"category","embeddable":true,"href":"https:\/\/www.egemtv.com\/index.php?rest_route=%2Fwp%2Fv2%2Fcategories&post=27272"},{"taxonomy":"post_tag","embeddable":true,"href":"https:\/\/www.egemtv.com\/index.php?rest_route=%2Fwp%2Fv2%2Ftags&post=27272"}],"curies":[{"name":"wp","href":"https:\/\/api.w.org\/{rel}","templated":true}]}}