{"id":27269,"date":"2025-05-09T09:57:05","date_gmt":"2025-05-09T06:57:05","guid":{"rendered":"https:\/\/www.egemtv.com\/?p=27269"},"modified":"2025-05-09T09:57:10","modified_gmt":"2025-05-09T06:57:10","slug":"mutlulugu-toprakta-buldular","status":"publish","type":"post","link":"https:\/\/www.egemtv.com\/?p=27269","title":{"rendered":"Mutlulu\u011fu toprakta buldular"},"content":{"rendered":"<p>Ayd\u0131n\u2019\u0131n Efeler il\u00e7esi K\u0131z\u0131lcak\u00f6y Mahallesindeki bah\u00e7elerini i\u015fleyen Abdullah ve Feri\u015ftah Kurtar\u0131c\u0131 \u00e7ifti, toprakla u\u011fra\u015fman\u0131n kendilerini mutlu etti\u011fi gibi zaman\u0131n nas\u0131l ge\u00e7ti\u011fini bilmediklerini s\u00f6yledi.<\/p>\n<p>SGK\u2019dan emekli olan Abdullah Kurtar\u0131c\u0131, K\u0131z\u0131lcak\u00f6y mahallesinde bulunan zeytin bah\u00e7esine her y\u0131l bahar ay\u0131nda e\u015fiyle birlikte \u00e7e\u015fitli sebzeler ekerek yaz ay\u0131nda do\u011fal \u00fcr\u00fcnler t\u00fcketiyorlar. 50 y\u0131la a\u015fk\u0131n s\u00fcredir evli olan Kurtar\u0131c\u0131 \u00e7ifti, mutlulu\u011fun toprakta oldu\u011funu belirterek \u015fehirde oturmak yerine bah\u00e7ede \u00e7al\u0131\u015fman\u0131n daha g\u00fczel oldu\u011funu belirtti. 4 \u00e7ocuk sahibi olan Kurtar\u0131c\u0131 \u00e7ifti, bah\u00e7elerine sebze dikecek alanlar olu\u015fturup fidelerin dikimini ger\u00e7ekle\u015ftirdi.<br \/>\n<br \/>\u2018\u0130ki taraf\u0131n bazen birbirini duymamas\u0131\u2019 durumunda \u00e7ok g\u00fczel ve huzurlu bir evlilik s\u00fcrecinin ya\u015fand\u0131\u011f\u0131n\u0131 kaydeden Kurtar\u0131c\u0131, &#8220;Ben burada ak\u015fama kadar \u00e7al\u0131\u015ft\u0131\u011f\u0131m zaman stres kalm\u0131yor. Biber, patl\u0131can, domates, fasulye, b\u00f6r\u00fclce, bamya, marul, so\u011fan ektik.  Bu i\u015fi para kazanmak i\u00e7in yapm\u0131yoruz. \u00c7ocuklar\u0131mla gelip burada oturup yemek yedim mi en kral benim. Emekli maa\u015f\u0131m\u0131z\u0131 buraya harc\u0131yoruz. Ge\u00e7en y\u0131l tamamen zarar ettik ama ben rahatt\u0131m. Toprakla u\u011fra\u015f\u0131nca mutlu oluyoruz. \u015eimdi kahveye gitsem 5 dakika, eve gelsem 5 dakika. Eve geldim mi han\u0131m\u0131n misafirleri geliyor. Buraya ne misafirin geliyor. En rahat toprak. Gelen olursa da bah\u00e7eye gelin diyoruz.&#8221; dedi.<br \/>\n<br \/>E\u015fini bah\u00e7ede yaln\u0131z b\u0131rakmayan ona \u00e7al\u0131\u015fmalar\u0131nda yard\u0131mc\u0131 olan Feri\u015ftah Kurtar\u0131c\u0131 ise, &#8220;Evde oturup aya\u011f\u0131m kolum a\u011fr\u0131yor diyece\u011fine gel burada bah\u00e7ede \u00e7al\u0131\u015f. Burada da a\u011fr\u0131yor ama hi\u00e7 de\u011filse vakit ge\u00e7iyor.&#8221; diyerek toprakla me\u015fgul olman\u0131n g\u00fczel oldu\u011funu s\u00f6yledi.<br \/><\/p>\n","protected":false},"excerpt":{"rendered":"<p>Ayd\u0131n\u2019\u0131n Efeler il\u00e7esi K\u0131z\u0131lcak\u00f6y Mahallesindeki bah\u00e7elerini i\u015fleyen Abdullah ve Feri\u015ftah Kurtar\u0131c\u0131 \u00e7ifti, toprakla u\u011fra\u015fman\u0131n kendilerini mutlu etti\u011fi gibi zaman\u0131n nas\u0131l ge\u00e7ti\u011fini bilmediklerini s\u00f6yledi. SGK\u2019dan emekli olan Abdullah Kurtar\u0131c\u0131, K\u0131z\u0131lcak\u00f6y mahallesinde bulunan zeytin bah\u00e7esine her y\u0131l bahar ay\u0131nda e\u015fiyle birlikte \u00e7e\u015fitli sebzeler ekerek yaz ay\u0131nda do\u011fal \u00fcr\u00fcnler t\u00fcketiyorlar. 50 y\u0131la a\u015fk\u0131n s\u00fcredir evli olan Kurtar\u0131c\u0131 \u00e7ifti,&#8230;<\/p>\n","protected":false},"author":1,"featured_media":27270,"comment_status":"open","ping_status":"open","sticky":false,"template":"","format":"standard","meta":{"_crdt_document":"","footnotes":""},"categories":[1],"tags":[],"class_list":["post-27269","post","type-post","status-publish","format-standard","has-post-thumbnail","hentry","category-guncel"],"_links":{"self":[{"href":"https:\/\/www.egemtv.com\/index.php?rest_route=\/wp\/v2\/posts\/27269","targetHints":{"allow":["GET"]}}],"collection":[{"href":"https:\/\/www.egemtv.com\/index.php?rest_route=\/wp\/v2\/posts"}],"about":[{"href":"https:\/\/www.egemtv.com\/index.php?rest_route=\/wp\/v2\/types\/post"}],"author":[{"embeddable":true,"href":"https:\/\/www.egemtv.com\/index.php?rest_route=\/wp\/v2\/users\/1"}],"replies":[{"embeddable":true,"href":"https:\/\/www.egemtv.com\/index.php?rest_route=%2Fwp%2Fv2%2Fcomments&post=27269"}],"version-history":[{"count":1,"href":"https:\/\/www.egemtv.com\/index.php?rest_route=\/wp\/v2\/posts\/27269\/revisions"}],"predecessor-version":[{"id":27271,"href":"https:\/\/www.egemtv.com\/index.php?rest_route=\/wp\/v2\/posts\/27269\/revisions\/27271"}],"wp:featuredmedia":[{"embeddable":true,"href":"https:\/\/www.egemtv.com\/index.php?rest_route=\/wp\/v2\/media\/27270"}],"wp:attachment":[{"href":"https:\/\/www.egemtv.com\/index.php?rest_route=%2Fwp%2Fv2%2Fmedia&parent=27269"}],"wp:term":[{"taxonomy":"category","embeddable":true,"href":"https:\/\/www.egemtv.com\/index.php?rest_route=%2Fwp%2Fv2%2Fcategories&post=27269"},{"taxonomy":"post_tag","embeddable":true,"href":"https:\/\/www.egemtv.com\/index.php?rest_route=%2Fwp%2Fv2%2Ftags&post=27269"}],"curies":[{"name":"wp","href":"https:\/\/api.w.org\/{rel}","templated":true}]}}