{"id":27266,"date":"2025-05-09T09:36:28","date_gmt":"2025-05-09T06:36:28","guid":{"rendered":"https:\/\/www.egemtv.com\/?p=27266"},"modified":"2025-05-09T09:36:33","modified_gmt":"2025-05-09T06:36:33","slug":"aydinda-veterinerlere-numune-alma-egitimi-verildi","status":"publish","type":"post","link":"https:\/\/www.egemtv.com\/?p=27266","title":{"rendered":"Ayd\u0131n\u2019da veterinerlere \u2019numune alma\u2019 e\u011fitimi verildi"},"content":{"rendered":"<p>Ayd\u0131n genelindeki il\u00e7e tar\u0131m m\u00fcd\u00fcrl\u00fcklerinde g\u00f6rev yapan veterinerlere numune alma teknikleri e\u011fitimi verildi.<\/p>\n<p>Ayd\u0131n \u0130l Tar\u0131m ve Orman M\u00fcd\u00fcrl\u00fc\u011f\u00fc koordinesinde hayvan hastal\u0131klar\u0131 ile m\u00fccadeleye y\u00f6nelik y\u00fcr\u00fct\u00fclen \u00e7al\u0131\u015fmalar aral\u0131ks\u0131z s\u00fcr\u00fcyor. Bu \u00e7er\u00e7evede daha etkin ve yetkin veteriner hekimlerin olmas\u0131 amac\u0131yla verilen hizmet i\u00e7i e\u011fitimlerde devam ediyor. \u0130l ve 17 il\u00e7e m\u00fcd\u00fcrl\u00fc\u011f\u00fcnde g\u00f6rev yapan veterinerlere y\u00f6nelik \u2019Numune Alma Teknikleri\u2019 konusunda e\u011fitim d\u00fczenlendi. Bornova Veteriner Kontrol Enstit\u00fcs\u00fc M\u00fcd\u00fcrl\u00fc\u011f\u00fc uzmanlar\u0131 taraf\u0131ndan verilen e\u011fitimlerde ayr\u0131ca &#8220;Hayvan Hastal\u0131klar\u0131 \u0130le M\u00fccadelede S\u0131k Kar\u015f\u0131la\u015f\u0131lan Sorunlar&#8221; konusunda da bilgilendirmeler yap\u0131ld\u0131.<br \/>\n<br \/>Konu ile ilgili Ayd\u0131n \u0130l Tar\u0131m ve Orman M\u00fcd\u00fcrl\u00fc\u011f\u00fc\u2019nden yap\u0131lan a\u00e7\u0131klamada &#8220;Bornova Veteriner Kontrol Enstit\u00fcs\u00fc M\u00fcd\u00fcrl\u00fc\u011f\u00fc Uzmanlar\u0131 taraf\u0131ndan \u0130l ve 17 \u0130l\u00e7e M\u00fcd\u00fcrl\u00fcklerimizde g\u00f6revli Veteriner Hekimlerimize numune alma teknikleri konulu e\u011fitim d\u00fczenlendi. Toplant\u0131 Hayvan Sa\u011fl\u0131\u011f\u0131 ve Yeti\u015ftiricili\u011fi \u015eubesi konu sorumlular\u0131n\u0131n &#8220;Hayvan Hastal\u0131klar\u0131 \u0130le M\u00fccadelede S\u0131k Kar\u015f\u0131la\u015f\u0131lan Sorunlar&#8221; konulu e\u011fitim ile sona erdi&#8221; ifadeleri yer ald\u0131.<br \/><\/p>\n","protected":false},"excerpt":{"rendered":"<p>Ayd\u0131n genelindeki il\u00e7e tar\u0131m m\u00fcd\u00fcrl\u00fcklerinde g\u00f6rev yapan veterinerlere numune alma teknikleri e\u011fitimi verildi. Ayd\u0131n \u0130l Tar\u0131m ve Orman M\u00fcd\u00fcrl\u00fc\u011f\u00fc koordinesinde hayvan hastal\u0131klar\u0131 ile m\u00fccadeleye y\u00f6nelik y\u00fcr\u00fct\u00fclen \u00e7al\u0131\u015fmalar aral\u0131ks\u0131z s\u00fcr\u00fcyor. Bu \u00e7er\u00e7evede daha etkin ve yetkin veteriner hekimlerin olmas\u0131 amac\u0131yla verilen hizmet i\u00e7i e\u011fitimlerde devam ediyor. \u0130l ve 17 il\u00e7e m\u00fcd\u00fcrl\u00fc\u011f\u00fcnde g\u00f6rev yapan veterinerlere y\u00f6nelik \u2019Numune&#8230;<\/p>\n","protected":false},"author":1,"featured_media":27267,"comment_status":"open","ping_status":"open","sticky":false,"template":"","format":"standard","meta":{"_crdt_document":"","footnotes":""},"categories":[1],"tags":[],"class_list":["post-27266","post","type-post","status-publish","format-standard","has-post-thumbnail","hentry","category-guncel"],"_links":{"self":[{"href":"https:\/\/www.egemtv.com\/index.php?rest_route=\/wp\/v2\/posts\/27266","targetHints":{"allow":["GET"]}}],"collection":[{"href":"https:\/\/www.egemtv.com\/index.php?rest_route=\/wp\/v2\/posts"}],"about":[{"href":"https:\/\/www.egemtv.com\/index.php?rest_route=\/wp\/v2\/types\/post"}],"author":[{"embeddable":true,"href":"https:\/\/www.egemtv.com\/index.php?rest_route=\/wp\/v2\/users\/1"}],"replies":[{"embeddable":true,"href":"https:\/\/www.egemtv.com\/index.php?rest_route=%2Fwp%2Fv2%2Fcomments&post=27266"}],"version-history":[{"count":1,"href":"https:\/\/www.egemtv.com\/index.php?rest_route=\/wp\/v2\/posts\/27266\/revisions"}],"predecessor-version":[{"id":27268,"href":"https:\/\/www.egemtv.com\/index.php?rest_route=\/wp\/v2\/posts\/27266\/revisions\/27268"}],"wp:featuredmedia":[{"embeddable":true,"href":"https:\/\/www.egemtv.com\/index.php?rest_route=\/wp\/v2\/media\/27267"}],"wp:attachment":[{"href":"https:\/\/www.egemtv.com\/index.php?rest_route=%2Fwp%2Fv2%2Fmedia&parent=27266"}],"wp:term":[{"taxonomy":"category","embeddable":true,"href":"https:\/\/www.egemtv.com\/index.php?rest_route=%2Fwp%2Fv2%2Fcategories&post=27266"},{"taxonomy":"post_tag","embeddable":true,"href":"https:\/\/www.egemtv.com\/index.php?rest_route=%2Fwp%2Fv2%2Ftags&post=27266"}],"curies":[{"name":"wp","href":"https:\/\/api.w.org\/{rel}","templated":true}]}}