{"id":27263,"date":"2025-05-09T09:17:01","date_gmt":"2025-05-09T06:17:01","guid":{"rendered":"https:\/\/www.egemtv.com\/?p=27263"},"modified":"2025-05-09T09:17:09","modified_gmt":"2025-05-09T06:17:09","slug":"israfi-onlemek-icin-temelden-egitim-veriliyor","status":"publish","type":"post","link":"https:\/\/www.egemtv.com\/?p=27263","title":{"rendered":"\u0130sraf\u0131 \u00f6nlemek i\u00e7in temelden e\u011fitim veriliyor"},"content":{"rendered":"<p>Sar\u0131g\u00f6l \u0130l\u00e7e Tar\u0131m ve Orman M\u00fcd\u00fcrl\u00fc\u011f\u00fc kontrol g\u00f6revlileri taraf\u0131ndan ta\u015f\u0131mal\u0131 e\u011fitim verilen ilkokullarda g\u0131da g\u00fcvenli\u011fi, g\u0131da kayb\u0131 ve israf\u0131na y\u00f6nelik e\u011fitim \u00e7al\u0131\u015fmalar\u0131 yap\u0131ld\u0131.<br \/>\n<br \/>Sar\u0131g\u00f6l \u0130l\u00e7e Tar\u0131m ve Orman M\u00fcd\u00fcrl\u00fc\u011f\u00fc kontrol g\u00f6revlileri taraf\u0131ndan ta\u015f\u0131mal\u0131 e\u011fitim g\u00f6ren \u00f6\u011frencilerin bulundu\u011fu T\u0131razlar H\u00fcseyin G\u00fcm\u00fc\u015fl\u00fc, \u00c7imentepe Celal Madan ve \u00d6zp\u0131nar \u0130lkokulu \u00f6\u011frencilerine; g\u0131da g\u00fcvenli\u011fi, g\u0131da kayb\u0131 ve israf\u0131na y\u00f6nelik e\u011fitim \u00e7al\u0131\u015fmalar\u0131 yap\u0131ld\u0131.<br \/>\n<br \/>Okullarda Sar\u0131g\u00f6l \u0130l\u00e7e Tar\u0131m ve Orman M\u00fcd\u00fcrl\u00fc\u011f\u00fc kontrol g\u00f6revlilerince \u00e7izgi film e\u015fli\u011finde verilen e\u011fitim \u00f6\u011frenciler taraf\u0131ndan ilgiyle izlendi.<br \/>\n<br \/>Sar\u0131g\u00f6l \u0130l\u00e7e Tar\u0131m ve Orman M\u00fcd\u00fcr\u00fc Ahmet Akar, &#8220;Bu t\u00fcr e\u011fitim \u00e7al\u0131\u015fmalar\u0131m\u0131z g\u00f6revli arkada\u015flar\u0131m\u0131z taraf\u0131ndan okullarda verilmeye ba\u015fland\u0131. \u00d6\u011frencilerimize g\u0131da g\u00fcvenli\u011fi, g\u0131da kayb\u0131 ve g\u0131da israf\u0131na y\u00f6nelik e\u011fitim verilmekte ve k\u00fc\u00e7\u00fck ya\u015fta bilin\u00e7lenmeleri sa\u011flanmaktad\u0131r.&#8221; dedi.<br \/><\/p>\n","protected":false},"excerpt":{"rendered":"<p>Sar\u0131g\u00f6l \u0130l\u00e7e Tar\u0131m ve Orman M\u00fcd\u00fcrl\u00fc\u011f\u00fc kontrol g\u00f6revlileri taraf\u0131ndan ta\u015f\u0131mal\u0131 e\u011fitim verilen ilkokullarda g\u0131da g\u00fcvenli\u011fi, g\u0131da kayb\u0131 ve israf\u0131na y\u00f6nelik e\u011fitim \u00e7al\u0131\u015fmalar\u0131 yap\u0131ld\u0131. Sar\u0131g\u00f6l \u0130l\u00e7e Tar\u0131m ve Orman M\u00fcd\u00fcrl\u00fc\u011f\u00fc kontrol g\u00f6revlileri taraf\u0131ndan ta\u015f\u0131mal\u0131 e\u011fitim g\u00f6ren \u00f6\u011frencilerin bulundu\u011fu T\u0131razlar H\u00fcseyin G\u00fcm\u00fc\u015fl\u00fc, \u00c7imentepe Celal Madan ve \u00d6zp\u0131nar \u0130lkokulu \u00f6\u011frencilerine; g\u0131da g\u00fcvenli\u011fi, g\u0131da kayb\u0131 ve israf\u0131na y\u00f6nelik e\u011fitim&#8230;<\/p>\n","protected":false},"author":1,"featured_media":27264,"comment_status":"open","ping_status":"open","sticky":false,"template":"","format":"standard","meta":{"_crdt_document":"","footnotes":""},"categories":[1],"tags":[],"class_list":["post-27263","post","type-post","status-publish","format-standard","has-post-thumbnail","hentry","category-guncel"],"_links":{"self":[{"href":"https:\/\/www.egemtv.com\/index.php?rest_route=\/wp\/v2\/posts\/27263","targetHints":{"allow":["GET"]}}],"collection":[{"href":"https:\/\/www.egemtv.com\/index.php?rest_route=\/wp\/v2\/posts"}],"about":[{"href":"https:\/\/www.egemtv.com\/index.php?rest_route=\/wp\/v2\/types\/post"}],"author":[{"embeddable":true,"href":"https:\/\/www.egemtv.com\/index.php?rest_route=\/wp\/v2\/users\/1"}],"replies":[{"embeddable":true,"href":"https:\/\/www.egemtv.com\/index.php?rest_route=%2Fwp%2Fv2%2Fcomments&post=27263"}],"version-history":[{"count":1,"href":"https:\/\/www.egemtv.com\/index.php?rest_route=\/wp\/v2\/posts\/27263\/revisions"}],"predecessor-version":[{"id":27265,"href":"https:\/\/www.egemtv.com\/index.php?rest_route=\/wp\/v2\/posts\/27263\/revisions\/27265"}],"wp:featuredmedia":[{"embeddable":true,"href":"https:\/\/www.egemtv.com\/index.php?rest_route=\/wp\/v2\/media\/27264"}],"wp:attachment":[{"href":"https:\/\/www.egemtv.com\/index.php?rest_route=%2Fwp%2Fv2%2Fmedia&parent=27263"}],"wp:term":[{"taxonomy":"category","embeddable":true,"href":"https:\/\/www.egemtv.com\/index.php?rest_route=%2Fwp%2Fv2%2Fcategories&post=27263"},{"taxonomy":"post_tag","embeddable":true,"href":"https:\/\/www.egemtv.com\/index.php?rest_route=%2Fwp%2Fv2%2Ftags&post=27263"}],"curies":[{"name":"wp","href":"https:\/\/api.w.org\/{rel}","templated":true}]}}