{"id":27260,"date":"2025-05-08T23:35:10","date_gmt":"2025-05-08T20:35:10","guid":{"rendered":"https:\/\/www.egemtv.com\/?p=27260"},"modified":"2025-05-08T23:35:13","modified_gmt":"2025-05-08T20:35:13","slug":"aydin-valiliginden-imar-plan-tadilati-aciklamasi","status":"publish","type":"post","link":"https:\/\/www.egemtv.com\/?p=27260","title":{"rendered":"Ayd\u0131n Valili\u011finden &#8220;imar plan tadilat\u0131&#8221; a\u00e7\u0131klamas\u0131"},"content":{"rendered":"<p>Ayd\u0131n Valili\u011fi, baz\u0131 bas\u0131n yay\u0131n organlar\u0131nda yer alan haberlerde, Vak\u0131flar Genel M\u00fcd\u00fcrl\u00fc\u011f\u00fc m\u00fclkiyetinde bulunan bir ta\u015f\u0131nmazla ilgili imar plan tadilat\u0131 s\u00fcrecine dair iddialar\u0131n ger\u00e7ek d\u0131\u015f\u0131 oldu\u011funu a\u00e7\u0131klad\u0131.<br \/>\n<br \/>Ayd\u0131n Valili\u011finden yap\u0131lan a\u00e7\u0131klamada, &#8220;Son g\u00fcnlerde baz\u0131 bas\u0131n yay\u0131n organlar\u0131nda yer alan ve kamuoyunu yan\u0131lt\u0131c\u0131 nitelikteki haberlerde, Vak\u0131flar Genel M\u00fcd\u00fcrl\u00fc\u011f\u00fc m\u00fclkiyetinde bulunan bir ta\u015f\u0131nmazla ilgili imar plan tadilat\u0131 s\u00fcrecine dair ger\u00e7ek d\u0131\u015f\u0131 iddialara yer verildi\u011fi g\u00f6r\u00fclm\u00fc\u015ft\u00fcr. Haberlere konu olan ta\u015f\u0131nmaz, herhangi bir \u00f6zel vakfa veya derne\u011fe ait olmay\u0131p, m\u00fctevellisi (y\u00f6neteni) kalmam\u0131\u015f ve y\u00f6netimi kamuya ge\u00e7mi\u015f olan Mazbut Vak\u0131f stat\u00fcs\u00fcndedir. 5737 say\u0131l\u0131 Vak\u0131flar Kanunu\u2019nun 6. maddesindeki, &#8220;Mazbut vak\u0131flar, Genel M\u00fcd\u00fcrl\u00fck taraf\u0131ndan y\u00f6netilir ve temsil edilir.&#8221; h\u00fckm\u00fc gere\u011fince s\u00f6z konusu ta\u015f\u0131nmaz \u00fczerindeki tasarruf ve karar verme yetkisi tamamen Vak\u0131flar Genel M\u00fcd\u00fcrl\u00fc\u011f\u00fcne aittir. Ta\u015f\u0131nmaz\u0131n turizm ve ticaret ama\u00e7l\u0131 kullan\u0131m\u0131na y\u00f6nelik imar plan\u0131 tadilat\u0131 s\u00fcreci, 2022 y\u0131l\u0131nda Vak\u0131flar B\u00f6lge M\u00fcd\u00fcrl\u00fc\u011f\u00fc taraf\u0131ndan ba\u015flat\u0131lm\u0131\u015f olup, haz\u0131rlanan dosyan\u0131n de\u011ferlendirme s\u00fcrecinin h\u0131zland\u0131r\u0131lmas\u0131 amac\u0131yla Valili\u011fimizce Ayd\u0131n B\u00fcy\u00fck\u015fehir Belediye Ba\u015fkanl\u0131\u011f\u0131na talepte bulunulmu\u015ftur. Ayd\u0131n B\u00fcy\u00fck\u015fehir Belediye Meclisi, kendi mevzuat\u0131 \u00e7er\u00e7evesinde hareket ederek 10.12.2024 tarihinde oy birli\u011fiyle imar karar\u0131n\u0131 onaylam\u0131\u015ft\u0131r. T\u00fcm bu yasal ve kurumsal s\u00fcre\u00e7lere ra\u011fmen baz\u0131 \u00e7evrelerin kamuya ait bir arazinin k\u0131ymetlendirilmesi i\u015fleminden rahats\u0131zl\u0131k duymas\u0131 manidard\u0131r. Bahse konu ta\u015f\u0131nmaz, tamamen Vak\u0131flar Genel M\u00fcd\u00fcrl\u00fc\u011f\u00fcn\u00fcn h\u00fck\u00fcm ve tasarrufunda olan bir arsa olup; t\u00fcm s\u00fcre\u00e7ler mevzuat\u0131na uygun, \u015feffaf ve kamu yarar\u0131 g\u00f6zetilerek y\u00fcr\u00fct\u00fclmektedir&#8221; denildi.<br \/><\/p>\n","protected":false},"excerpt":{"rendered":"<p>Ayd\u0131n Valili\u011fi, baz\u0131 bas\u0131n yay\u0131n organlar\u0131nda yer alan haberlerde, Vak\u0131flar Genel M\u00fcd\u00fcrl\u00fc\u011f\u00fc m\u00fclkiyetinde bulunan bir ta\u015f\u0131nmazla ilgili imar plan tadilat\u0131 s\u00fcrecine dair iddialar\u0131n ger\u00e7ek d\u0131\u015f\u0131 oldu\u011funu a\u00e7\u0131klad\u0131. Ayd\u0131n Valili\u011finden yap\u0131lan a\u00e7\u0131klamada, &#8220;Son g\u00fcnlerde baz\u0131 bas\u0131n yay\u0131n organlar\u0131nda yer alan ve kamuoyunu yan\u0131lt\u0131c\u0131 nitelikteki haberlerde, Vak\u0131flar Genel M\u00fcd\u00fcrl\u00fc\u011f\u00fc m\u00fclkiyetinde bulunan bir ta\u015f\u0131nmazla ilgili imar plan tadilat\u0131&#8230;<\/p>\n","protected":false},"author":1,"featured_media":27261,"comment_status":"open","ping_status":"open","sticky":false,"template":"","format":"standard","meta":{"_crdt_document":"","footnotes":""},"categories":[1],"tags":[],"class_list":["post-27260","post","type-post","status-publish","format-standard","has-post-thumbnail","hentry","category-guncel"],"_links":{"self":[{"href":"https:\/\/www.egemtv.com\/index.php?rest_route=\/wp\/v2\/posts\/27260","targetHints":{"allow":["GET"]}}],"collection":[{"href":"https:\/\/www.egemtv.com\/index.php?rest_route=\/wp\/v2\/posts"}],"about":[{"href":"https:\/\/www.egemtv.com\/index.php?rest_route=\/wp\/v2\/types\/post"}],"author":[{"embeddable":true,"href":"https:\/\/www.egemtv.com\/index.php?rest_route=\/wp\/v2\/users\/1"}],"replies":[{"embeddable":true,"href":"https:\/\/www.egemtv.com\/index.php?rest_route=%2Fwp%2Fv2%2Fcomments&post=27260"}],"version-history":[{"count":1,"href":"https:\/\/www.egemtv.com\/index.php?rest_route=\/wp\/v2\/posts\/27260\/revisions"}],"predecessor-version":[{"id":27262,"href":"https:\/\/www.egemtv.com\/index.php?rest_route=\/wp\/v2\/posts\/27260\/revisions\/27262"}],"wp:featuredmedia":[{"embeddable":true,"href":"https:\/\/www.egemtv.com\/index.php?rest_route=\/wp\/v2\/media\/27261"}],"wp:attachment":[{"href":"https:\/\/www.egemtv.com\/index.php?rest_route=%2Fwp%2Fv2%2Fmedia&parent=27260"}],"wp:term":[{"taxonomy":"category","embeddable":true,"href":"https:\/\/www.egemtv.com\/index.php?rest_route=%2Fwp%2Fv2%2Fcategories&post=27260"},{"taxonomy":"post_tag","embeddable":true,"href":"https:\/\/www.egemtv.com\/index.php?rest_route=%2Fwp%2Fv2%2Ftags&post=27260"}],"curies":[{"name":"wp","href":"https:\/\/api.w.org\/{rel}","templated":true}]}}