{"id":27257,"date":"2025-05-08T23:35:04","date_gmt":"2025-05-08T20:35:04","guid":{"rendered":"https:\/\/www.egemtv.com\/?p=27257"},"modified":"2025-05-08T23:35:09","modified_gmt":"2025-05-08T20:35:09","slug":"vagon-sahne-usak-tren-garinda-perdelerini-acti","status":"publish","type":"post","link":"https:\/\/www.egemtv.com\/?p=27257","title":{"rendered":"Vagon Sahne U\u015fak Tren Gar\u0131\u2019nda perdelerini a\u00e7t\u0131"},"content":{"rendered":"<p>T.C. K\u00fclt\u00fcr ve Turizm Bakanl\u0131\u011f\u0131 Devlet Tiyatrolar\u0131 Genel M\u00fcd\u00fcrl\u00fc\u011f\u00fc \u00f6nc\u00fcl\u00fc\u011f\u00fcnde ba\u015flat\u0131lan ve tiyatroyu raylar \u00fczerinde Anadolu\u2019ya ta\u015f\u0131yan &#8220;Vagon Sahne&#8221; projesi, U\u015fak\u2019ta sanatseverlerle bulu\u015ftu. U\u015fak Tren Gar\u0131\u2019nda ger\u00e7ekle\u015ftirilen temsillerde \u00e7ocuklar ve yeti\u015fkinler tiyatronun b\u00fcy\u00fcl\u00fc atmosferini doyas\u0131ya ya\u015fad\u0131.<br \/>\n<br \/>Adana Devlet Tiyatrosunun proje y\u00fcr\u00fct\u00fcc\u00fcl\u00fc\u011f\u00fcn\u00fc \u00fcstlendi\u011fi etkinlikte, Antalya Devlet Tiyatrosu yap\u0131m\u0131 olan &#8220;Masal Treni&#8221; adl\u0131 \u00e7ocuk oyunu saat 13.00\u2019te, yeti\u015fkinler i\u00e7in sahnelenen &#8220;Misafir&#8221; adl\u0131 oyun ise saat 19.00\u2019da izleyiciyle bulu\u015ftu. U\u015fakl\u0131 sanatseverler, farkl\u0131 ve etkileyici bu sahne deneyimine b\u00fcy\u00fck ilgi g\u00f6sterdi.<br \/>\n<br \/>Raylar \u00fczerinde yoluna devam eden Vagon Sahne, U\u015fak\u2019taki temsillerin ard\u0131ndan bir sonraki dura\u011f\u0131 olan Afyonkarahisar\u2019a u\u011furland\u0131. Proje kapsam\u0131nda toplam 22 temsil verilmesi planlan\u0131yor.<br \/>\n<br \/>U\u015fak\u2019taki etkinli\u011fin g\u00fcnd\u00fcz b\u00f6l\u00fcm\u00fcne U\u015fak \u0130l K\u00fclt\u00fcr ve Turizm M\u00fcd\u00fcr\u00fc Yavuz \u00c7akar\u2019da kat\u0131ld\u0131.<br \/><\/p>\n","protected":false},"excerpt":{"rendered":"<p>T.C. K\u00fclt\u00fcr ve Turizm Bakanl\u0131\u011f\u0131 Devlet Tiyatrolar\u0131 Genel M\u00fcd\u00fcrl\u00fc\u011f\u00fc \u00f6nc\u00fcl\u00fc\u011f\u00fcnde ba\u015flat\u0131lan ve tiyatroyu raylar \u00fczerinde Anadolu\u2019ya ta\u015f\u0131yan &#8220;Vagon Sahne&#8221; projesi, U\u015fak\u2019ta sanatseverlerle bulu\u015ftu. U\u015fak Tren Gar\u0131\u2019nda ger\u00e7ekle\u015ftirilen temsillerde \u00e7ocuklar ve yeti\u015fkinler tiyatronun b\u00fcy\u00fcl\u00fc atmosferini doyas\u0131ya ya\u015fad\u0131. Adana Devlet Tiyatrosunun proje y\u00fcr\u00fct\u00fcc\u00fcl\u00fc\u011f\u00fcn\u00fc \u00fcstlendi\u011fi etkinlikte, Antalya Devlet Tiyatrosu yap\u0131m\u0131 olan &#8220;Masal Treni&#8221; adl\u0131 \u00e7ocuk oyunu saat 13.00\u2019te,&#8230;<\/p>\n","protected":false},"author":1,"featured_media":27258,"comment_status":"open","ping_status":"open","sticky":false,"template":"","format":"standard","meta":{"_crdt_document":"","footnotes":""},"categories":[1],"tags":[],"class_list":["post-27257","post","type-post","status-publish","format-standard","has-post-thumbnail","hentry","category-guncel"],"_links":{"self":[{"href":"https:\/\/www.egemtv.com\/index.php?rest_route=\/wp\/v2\/posts\/27257","targetHints":{"allow":["GET"]}}],"collection":[{"href":"https:\/\/www.egemtv.com\/index.php?rest_route=\/wp\/v2\/posts"}],"about":[{"href":"https:\/\/www.egemtv.com\/index.php?rest_route=\/wp\/v2\/types\/post"}],"author":[{"embeddable":true,"href":"https:\/\/www.egemtv.com\/index.php?rest_route=\/wp\/v2\/users\/1"}],"replies":[{"embeddable":true,"href":"https:\/\/www.egemtv.com\/index.php?rest_route=%2Fwp%2Fv2%2Fcomments&post=27257"}],"version-history":[{"count":1,"href":"https:\/\/www.egemtv.com\/index.php?rest_route=\/wp\/v2\/posts\/27257\/revisions"}],"predecessor-version":[{"id":27259,"href":"https:\/\/www.egemtv.com\/index.php?rest_route=\/wp\/v2\/posts\/27257\/revisions\/27259"}],"wp:featuredmedia":[{"embeddable":true,"href":"https:\/\/www.egemtv.com\/index.php?rest_route=\/wp\/v2\/media\/27258"}],"wp:attachment":[{"href":"https:\/\/www.egemtv.com\/index.php?rest_route=%2Fwp%2Fv2%2Fmedia&parent=27257"}],"wp:term":[{"taxonomy":"category","embeddable":true,"href":"https:\/\/www.egemtv.com\/index.php?rest_route=%2Fwp%2Fv2%2Fcategories&post=27257"},{"taxonomy":"post_tag","embeddable":true,"href":"https:\/\/www.egemtv.com\/index.php?rest_route=%2Fwp%2Fv2%2Ftags&post=27257"}],"curies":[{"name":"wp","href":"https:\/\/api.w.org\/{rel}","templated":true}]}}