{"id":27254,"date":"2025-05-08T23:15:57","date_gmt":"2025-05-08T20:15:57","guid":{"rendered":"https:\/\/www.egemtv.com\/?p=27254"},"modified":"2025-05-08T23:16:01","modified_gmt":"2025-05-08T20:16:01","slug":"izmirde-cumhurbaskanina-hakaret-icerikli-duvar-yazisi-yazan-4-supheli-tutuklandi","status":"publish","type":"post","link":"https:\/\/www.egemtv.com\/?p=27254","title":{"rendered":"\u0130zmir\u2019de Cumhurba\u015fkan\u0131\u2019na hakaret i\u00e7erikli duvar yaz\u0131s\u0131 yazan 4 \u015f\u00fcpheli tutukland\u0131"},"content":{"rendered":"<p>\u0130zmir\u2019in Kemalpa\u015fa il\u00e7esinde duvarlara Cumhurba\u015fkan\u0131\u2019na hakaret i\u00e7erikli yaz\u0131 yaz\u0131lmas\u0131na ili\u015fkin aralar\u0131nda CHP \u0130l\u00e7e Gen\u00e7lik Kollar\u0131 Ba\u015fkan\u0131\u2019n\u0131n da bulundu\u011fu 4 ki\u015fi tutukland\u0131.<br \/>\n<br \/>7 May\u0131s gecesi 4 ki\u015finin il\u00e7e merkezindeki farkl\u0131 noktalarda Cumhurba\u015fkan\u0131 Recep Tayyip Erdo\u011fan\u2019a y\u00f6nelik hakaret i\u00e7erikli duvar yaz\u0131lar\u0131 yazd\u0131\u011f\u0131 ihbar\u0131 \u00fczerine polis ekipleri \u00e7al\u0131\u015fma ba\u015flatt\u0131. K\u0131sa s\u00fcrede yakalanan \u015f\u00fcphelilerin, CHP Kemalpa\u015fa Gen\u00e7lik Kollar\u0131 Ba\u015fkan\u0131 M.D. ve beraberindeki A.D.B, B.\u0130. ve \u0130.S. oldu\u011fu tespit edildi. Polis ekiplerince g\u00f6zalt\u0131na al\u0131nan \u015f\u00fcpheliler emniyetteki i\u015flemlerinin ard\u0131ndan adliyeye sevk edildi.<br \/>\n<br \/>Haklar\u0131nda Cumhurba\u015fkan\u0131\u2019na hakaret ve kamu mal\u0131na zarar verme su\u00e7lar\u0131ndan soru\u015fturma ba\u015flat\u0131lan 4 \u015f\u00fcpheli, \u00e7\u0131kar\u0131ld\u0131klar\u0131 sulh ceza hakimli\u011fi taraf\u0131ndan tutukland\u0131.<br \/><\/p>\n","protected":false},"excerpt":{"rendered":"<p>\u0130zmir\u2019in Kemalpa\u015fa il\u00e7esinde duvarlara Cumhurba\u015fkan\u0131\u2019na hakaret i\u00e7erikli yaz\u0131 yaz\u0131lmas\u0131na ili\u015fkin aralar\u0131nda CHP \u0130l\u00e7e Gen\u00e7lik Kollar\u0131 Ba\u015fkan\u0131\u2019n\u0131n da bulundu\u011fu 4 ki\u015fi tutukland\u0131. 7 May\u0131s gecesi 4 ki\u015finin il\u00e7e merkezindeki farkl\u0131 noktalarda Cumhurba\u015fkan\u0131 Recep Tayyip Erdo\u011fan\u2019a y\u00f6nelik hakaret i\u00e7erikli duvar yaz\u0131lar\u0131 yazd\u0131\u011f\u0131 ihbar\u0131 \u00fczerine polis ekipleri \u00e7al\u0131\u015fma ba\u015flatt\u0131. K\u0131sa s\u00fcrede yakalanan \u015f\u00fcphelilerin, CHP Kemalpa\u015fa Gen\u00e7lik Kollar\u0131 Ba\u015fkan\u0131&#8230;<\/p>\n","protected":false},"author":1,"featured_media":27255,"comment_status":"open","ping_status":"open","sticky":false,"template":"","format":"standard","meta":{"_crdt_document":"","footnotes":""},"categories":[5],"tags":[],"class_list":["post-27254","post","type-post","status-publish","format-standard","has-post-thumbnail","hentry","category-asayis"],"_links":{"self":[{"href":"https:\/\/www.egemtv.com\/index.php?rest_route=\/wp\/v2\/posts\/27254","targetHints":{"allow":["GET"]}}],"collection":[{"href":"https:\/\/www.egemtv.com\/index.php?rest_route=\/wp\/v2\/posts"}],"about":[{"href":"https:\/\/www.egemtv.com\/index.php?rest_route=\/wp\/v2\/types\/post"}],"author":[{"embeddable":true,"href":"https:\/\/www.egemtv.com\/index.php?rest_route=\/wp\/v2\/users\/1"}],"replies":[{"embeddable":true,"href":"https:\/\/www.egemtv.com\/index.php?rest_route=%2Fwp%2Fv2%2Fcomments&post=27254"}],"version-history":[{"count":1,"href":"https:\/\/www.egemtv.com\/index.php?rest_route=\/wp\/v2\/posts\/27254\/revisions"}],"predecessor-version":[{"id":27256,"href":"https:\/\/www.egemtv.com\/index.php?rest_route=\/wp\/v2\/posts\/27254\/revisions\/27256"}],"wp:featuredmedia":[{"embeddable":true,"href":"https:\/\/www.egemtv.com\/index.php?rest_route=\/wp\/v2\/media\/27255"}],"wp:attachment":[{"href":"https:\/\/www.egemtv.com\/index.php?rest_route=%2Fwp%2Fv2%2Fmedia&parent=27254"}],"wp:term":[{"taxonomy":"category","embeddable":true,"href":"https:\/\/www.egemtv.com\/index.php?rest_route=%2Fwp%2Fv2%2Fcategories&post=27254"},{"taxonomy":"post_tag","embeddable":true,"href":"https:\/\/www.egemtv.com\/index.php?rest_route=%2Fwp%2Fv2%2Ftags&post=27254"}],"curies":[{"name":"wp","href":"https:\/\/api.w.org\/{rel}","templated":true}]}}