{"id":27251,"date":"2025-05-08T23:15:52","date_gmt":"2025-05-08T20:15:52","guid":{"rendered":"https:\/\/www.egemtv.com\/?p=27251"},"modified":"2025-05-08T23:15:57","modified_gmt":"2025-05-08T20:15:57","slug":"kaldirimdaki-trafik-levhasina-carpan-motosikletteki-2-kisi-yaralandi","status":"publish","type":"post","link":"https:\/\/www.egemtv.com\/?p=27251","title":{"rendered":"Kald\u0131r\u0131mdaki trafik levhas\u0131na \u00e7arpan motosikletteki 2 ki\u015fi yaraland\u0131"},"content":{"rendered":"<p>Burdur\u2019da kontrolden \u00e7\u0131kan motosikletin kald\u0131r\u0131mdaki trafik levhas\u0131na \u00e7arpmas\u0131 sonucu meydana gelen kazada 2 ki\u015fi yaraland\u0131.<br \/>\n<br \/>Kaza, saat 18.00 s\u0131ralar\u0131nda Burdur merkez Tepe Mahallesi Mustafa \u015eeref Bulvar\u0131 \u00fczerinde meydana geldi. Edinilen bilgilere g\u00f6re, \u00fcniversite istikametinden \u015fehir merkezine do\u011fru seyir halinde olan Mehmet C.E. (19) idaresindeki ADA 229 plakal\u0131 motosiklet, Manast\u0131r Kav\u015fa\u011f\u0131\u2019n\u0131 ge\u00e7tikten yakla\u015f\u0131k 100 metre sonra s\u00fcr\u00fcc\u00fcn\u00fcn gidon hakimiyetini kaybetmesi sonucu kald\u0131r\u0131mdaki trafik levhas\u0131na \u00e7arpt\u0131. \u00c7arpman\u0131n etkisiyle motosiklet s\u00fcr\u00fcc\u00fcs\u00fc Mehmet C.E. ve arkas\u0131nda yolcu olarak bulunan Berk C. (19) \u015farampole savruldu. Kazada Berk C. ve s\u00fcr\u00fcc\u00fc Mehmet C.E. yaraland\u0131.<br \/>\n<br \/>Kazay\u0131 g\u00f6ren vatanda\u015flar\u0131n 112 Acil \u00c7a\u011fr\u0131 Merkezi\u2019ne ihbar\u0131 \u00fczerine olay yerine sa\u011fl\u0131k ve polis ekipleri sevk edildi. Sa\u011fl\u0131k ekipleri yaral\u0131lara olay yerinde ilk m\u00fcdahaleyi yaparken, polis ekipleri Berk.C.\u2019nin kopan baca\u011f\u0131n\u0131 olay yerinin yak\u0131n\u0131ndaki arazide bularak sa\u011fl\u0131k g\u00f6revlilerine teslim etti.<br \/>\n<br \/>Yaral\u0131lar ambulansla Burdur Devlet Hastanesi\u2019ne kald\u0131r\u0131l\u0131rken Berk C., buradaki m\u00fcdahalenin ard\u0131ndan Isparta S\u00fcleyman Demirel \u00dcniversitesi T\u0131p Fak\u00fcltesi Hastanesi\u2019ne sevk edilerek ameliyata al\u0131nd\u0131. Mehmet C.E.\u2019nin ise hayati tehlikesinin bulunmad\u0131\u011f\u0131 \u00f6\u011frenildi.<br \/>\n<br \/>Kazayla ilgili inceleme ba\u015flat\u0131ld\u0131.<br \/><\/p>\n","protected":false},"excerpt":{"rendered":"<p>Burdur\u2019da kontrolden \u00e7\u0131kan motosikletin kald\u0131r\u0131mdaki trafik levhas\u0131na \u00e7arpmas\u0131 sonucu meydana gelen kazada 2 ki\u015fi yaraland\u0131. Kaza, saat 18.00 s\u0131ralar\u0131nda Burdur merkez Tepe Mahallesi Mustafa \u015eeref Bulvar\u0131 \u00fczerinde meydana geldi. Edinilen bilgilere g\u00f6re, \u00fcniversite istikametinden \u015fehir merkezine do\u011fru seyir halinde olan Mehmet C.E. (19) idaresindeki ADA 229 plakal\u0131 motosiklet, Manast\u0131r Kav\u015fa\u011f\u0131\u2019n\u0131 ge\u00e7tikten yakla\u015f\u0131k 100 metre sonra&#8230;<\/p>\n","protected":false},"author":1,"featured_media":27252,"comment_status":"open","ping_status":"open","sticky":false,"template":"","format":"standard","meta":{"_crdt_document":"","footnotes":""},"categories":[5],"tags":[],"class_list":["post-27251","post","type-post","status-publish","format-standard","has-post-thumbnail","hentry","category-asayis"],"_links":{"self":[{"href":"https:\/\/www.egemtv.com\/index.php?rest_route=\/wp\/v2\/posts\/27251","targetHints":{"allow":["GET"]}}],"collection":[{"href":"https:\/\/www.egemtv.com\/index.php?rest_route=\/wp\/v2\/posts"}],"about":[{"href":"https:\/\/www.egemtv.com\/index.php?rest_route=\/wp\/v2\/types\/post"}],"author":[{"embeddable":true,"href":"https:\/\/www.egemtv.com\/index.php?rest_route=\/wp\/v2\/users\/1"}],"replies":[{"embeddable":true,"href":"https:\/\/www.egemtv.com\/index.php?rest_route=%2Fwp%2Fv2%2Fcomments&post=27251"}],"version-history":[{"count":1,"href":"https:\/\/www.egemtv.com\/index.php?rest_route=\/wp\/v2\/posts\/27251\/revisions"}],"predecessor-version":[{"id":27253,"href":"https:\/\/www.egemtv.com\/index.php?rest_route=\/wp\/v2\/posts\/27251\/revisions\/27253"}],"wp:featuredmedia":[{"embeddable":true,"href":"https:\/\/www.egemtv.com\/index.php?rest_route=\/wp\/v2\/media\/27252"}],"wp:attachment":[{"href":"https:\/\/www.egemtv.com\/index.php?rest_route=%2Fwp%2Fv2%2Fmedia&parent=27251"}],"wp:term":[{"taxonomy":"category","embeddable":true,"href":"https:\/\/www.egemtv.com\/index.php?rest_route=%2Fwp%2Fv2%2Fcategories&post=27251"},{"taxonomy":"post_tag","embeddable":true,"href":"https:\/\/www.egemtv.com\/index.php?rest_route=%2Fwp%2Fv2%2Ftags&post=27251"}],"curies":[{"name":"wp","href":"https:\/\/api.w.org\/{rel}","templated":true}]}}