{"id":27248,"date":"2025-05-08T23:15:46","date_gmt":"2025-05-08T20:15:46","guid":{"rendered":"https:\/\/www.egemtv.com\/?p=27248"},"modified":"2025-05-08T23:15:52","modified_gmt":"2025-05-08T20:15:52","slug":"elektrik-diregine-carpan-tofas-hurdaya-dondu-2-yarali","status":"publish","type":"post","link":"https:\/\/www.egemtv.com\/?p=27248","title":{"rendered":"Elektrik dire\u011fine \u00e7arpan Tofa\u015f hurdaya d\u00f6nd\u00fc: 2 yaral\u0131"},"content":{"rendered":"<p>Burdur\u2019un Tefenni il\u00e7esinde kontrolden \u00e7\u0131kan otomobil, elektrik dire\u011fine \u00e7arpt\u0131. Kazada 2 ki\u015fi yaraland\u0131.<br \/>\n<br \/>Kaza, saat 17.00 s\u0131ralar\u0131nda Tefenni il\u00e7esi Seydiler k\u00f6y\u00fc yolunda meydana geldi. Edinilen bilgilere g\u00f6re, Seydiler k\u00f6y\u00fc istikametinden il\u00e7e merkezine seyir halinde olan H\u00fcseyin \u015e. (49) idaresindeki 15 ABB 091 plakal\u0131 Fiat Tofa\u015f otomobil, ayn\u0131 y\u00f6nde ilerleyen 15 KB 635 plakal\u0131 ticari arac\u0131 sollad\u0131\u011f\u0131 esnada direksiyon hakimiyetini kaybederek kar\u015f\u0131 \u015feride ge\u00e7ip yol kenar\u0131ndaki elektrik dire\u011fine \u00e7arpt\u0131.<br \/>\n<br \/>Kazada s\u00fcr\u00fcc\u00fc H\u00fcseyin \u015e. ile ara\u00e7ta yolcu olarak bulunan e\u015fi Selda \u015e. (44) yaraland\u0131. Kazay\u0131 g\u00f6ren vatanda\u015flar\u0131n 112 Acil \u00c7a\u011fr\u0131 Merkezi\u2019ne ihbar\u0131 \u00fczerine olay yerine sa\u011fl\u0131k, polis ve itfaiye ekipleri sevk edildi.<br \/>\n<br \/>Olay yerine gelen itfaiye ekiplerinin \u00e7al\u0131\u015fmas\u0131yla ara\u00e7 i\u00e7erisinde s\u0131k\u0131\u015ft\u0131klar\u0131 yerden \u00e7\u0131kar\u0131lan yaral\u0131lar, sa\u011fl\u0131k ekiplerinin ilk m\u00fcdahalesinin ard\u0131ndan ambulansla hastaneye kald\u0131r\u0131ld\u0131. Yaral\u0131lar\u0131n sa\u011fl\u0131k durumlar\u0131n\u0131n iyi oldu\u011fu \u00f6\u011frenildi.<br \/>\n<br \/>Kazayla ilgili inceleme ba\u015flat\u0131ld\u0131.<br \/><\/p>\n","protected":false},"excerpt":{"rendered":"<p>Burdur\u2019un Tefenni il\u00e7esinde kontrolden \u00e7\u0131kan otomobil, elektrik dire\u011fine \u00e7arpt\u0131. Kazada 2 ki\u015fi yaraland\u0131. Kaza, saat 17.00 s\u0131ralar\u0131nda Tefenni il\u00e7esi Seydiler k\u00f6y\u00fc yolunda meydana geldi. Edinilen bilgilere g\u00f6re, Seydiler k\u00f6y\u00fc istikametinden il\u00e7e merkezine seyir halinde olan H\u00fcseyin \u015e. (49) idaresindeki 15 ABB 091 plakal\u0131 Fiat Tofa\u015f otomobil, ayn\u0131 y\u00f6nde ilerleyen 15 KB 635 plakal\u0131 ticari arac\u0131&#8230;<\/p>\n","protected":false},"author":1,"featured_media":27249,"comment_status":"open","ping_status":"open","sticky":false,"template":"","format":"standard","meta":{"_crdt_document":"","footnotes":""},"categories":[5],"tags":[],"class_list":["post-27248","post","type-post","status-publish","format-standard","has-post-thumbnail","hentry","category-asayis"],"_links":{"self":[{"href":"https:\/\/www.egemtv.com\/index.php?rest_route=\/wp\/v2\/posts\/27248","targetHints":{"allow":["GET"]}}],"collection":[{"href":"https:\/\/www.egemtv.com\/index.php?rest_route=\/wp\/v2\/posts"}],"about":[{"href":"https:\/\/www.egemtv.com\/index.php?rest_route=\/wp\/v2\/types\/post"}],"author":[{"embeddable":true,"href":"https:\/\/www.egemtv.com\/index.php?rest_route=\/wp\/v2\/users\/1"}],"replies":[{"embeddable":true,"href":"https:\/\/www.egemtv.com\/index.php?rest_route=%2Fwp%2Fv2%2Fcomments&post=27248"}],"version-history":[{"count":1,"href":"https:\/\/www.egemtv.com\/index.php?rest_route=\/wp\/v2\/posts\/27248\/revisions"}],"predecessor-version":[{"id":27250,"href":"https:\/\/www.egemtv.com\/index.php?rest_route=\/wp\/v2\/posts\/27248\/revisions\/27250"}],"wp:featuredmedia":[{"embeddable":true,"href":"https:\/\/www.egemtv.com\/index.php?rest_route=\/wp\/v2\/media\/27249"}],"wp:attachment":[{"href":"https:\/\/www.egemtv.com\/index.php?rest_route=%2Fwp%2Fv2%2Fmedia&parent=27248"}],"wp:term":[{"taxonomy":"category","embeddable":true,"href":"https:\/\/www.egemtv.com\/index.php?rest_route=%2Fwp%2Fv2%2Fcategories&post=27248"},{"taxonomy":"post_tag","embeddable":true,"href":"https:\/\/www.egemtv.com\/index.php?rest_route=%2Fwp%2Fv2%2Ftags&post=27248"}],"curies":[{"name":"wp","href":"https:\/\/api.w.org\/{rel}","templated":true}]}}