{"id":27242,"date":"2025-05-08T20:54:50","date_gmt":"2025-05-08T17:54:50","guid":{"rendered":"https:\/\/www.egemtv.com\/?p=27242"},"modified":"2025-05-08T20:54:55","modified_gmt":"2025-05-08T17:54:55","slug":"ogle-namazini-kildirdi-kalp-krizi-gecirip-hayatini-kaybetti","status":"publish","type":"post","link":"https:\/\/www.egemtv.com\/?p=27242","title":{"rendered":"\u00d6\u011fle namaz\u0131n\u0131 k\u0131ld\u0131rd\u0131, kalp krizi ge\u00e7irip hayat\u0131n\u0131 kaybetti"},"content":{"rendered":"<p>Ayd\u0131n\u2019\u0131n Efeler il\u00e7esinde AST\u0130S Camii\u2019nde g\u00f6revli m\u00fcezzin, cemaate \u00f6\u011fle namaz\u0131 k\u0131ld\u0131rd\u0131ktan sonra ge\u00e7irdi\u011fi kalp krizi sonucu hayat\u0131n\u0131 kaybetti.<br \/>\n<br \/>Efeler Karacaahmet T\u00fcrbe Camii M\u00fcezzin Kayy\u0131m\u0131 Fahrettin U\u00e7ar (57), g\u00f6revlendirildi\u011fi AST\u0130S Camii\u2019nde \u00f6\u011fle namaz\u0131n\u0131 k\u0131ld\u0131rd\u0131ktan sonra imam odas\u0131nda bir anda fenala\u015ft\u0131. Yap\u0131lan ihbar \u00fczerine sa\u011fl\u0131k ekipleri camiye geldi. \u0130lk belirlemelere g\u00f6re kalp krizi ge\u00e7irdi\u011fi tespit edilen U\u00e7ar, ambulansla hastaneye kald\u0131r\u0131ld\u0131. U\u00e7ar burada yap\u0131lan t\u00fcm m\u00fcdahalelere ra\u011fmen hayat\u0131n\u0131 kaybetti. U\u00e7ar\u2019\u0131n cenazesinin yar\u0131n cuma namaz\u0131n\u0131 m\u00fcteakip Bey Camii\u2019nden kald\u0131r\u0131larak Tepecik Mezarl\u0131\u011f\u0131\u2019na defnedilece\u011fi \u00f6\u011frenildi.<br \/><\/p>\n","protected":false},"excerpt":{"rendered":"<p>Ayd\u0131n\u2019\u0131n Efeler il\u00e7esinde AST\u0130S Camii\u2019nde g\u00f6revli m\u00fcezzin, cemaate \u00f6\u011fle namaz\u0131 k\u0131ld\u0131rd\u0131ktan sonra ge\u00e7irdi\u011fi kalp krizi sonucu hayat\u0131n\u0131 kaybetti. Efeler Karacaahmet T\u00fcrbe Camii M\u00fcezzin Kayy\u0131m\u0131 Fahrettin U\u00e7ar (57), g\u00f6revlendirildi\u011fi AST\u0130S Camii\u2019nde \u00f6\u011fle namaz\u0131n\u0131 k\u0131ld\u0131rd\u0131ktan sonra imam odas\u0131nda bir anda fenala\u015ft\u0131. Yap\u0131lan ihbar \u00fczerine sa\u011fl\u0131k ekipleri camiye geldi. \u0130lk belirlemelere g\u00f6re kalp krizi ge\u00e7irdi\u011fi tespit edilen U\u00e7ar,&#8230;<\/p>\n","protected":false},"author":1,"featured_media":27243,"comment_status":"open","ping_status":"open","sticky":false,"template":"","format":"standard","meta":{"_crdt_document":"","footnotes":""},"categories":[5],"tags":[],"class_list":["post-27242","post","type-post","status-publish","format-standard","has-post-thumbnail","hentry","category-asayis"],"_links":{"self":[{"href":"https:\/\/www.egemtv.com\/index.php?rest_route=\/wp\/v2\/posts\/27242","targetHints":{"allow":["GET"]}}],"collection":[{"href":"https:\/\/www.egemtv.com\/index.php?rest_route=\/wp\/v2\/posts"}],"about":[{"href":"https:\/\/www.egemtv.com\/index.php?rest_route=\/wp\/v2\/types\/post"}],"author":[{"embeddable":true,"href":"https:\/\/www.egemtv.com\/index.php?rest_route=\/wp\/v2\/users\/1"}],"replies":[{"embeddable":true,"href":"https:\/\/www.egemtv.com\/index.php?rest_route=%2Fwp%2Fv2%2Fcomments&post=27242"}],"version-history":[{"count":1,"href":"https:\/\/www.egemtv.com\/index.php?rest_route=\/wp\/v2\/posts\/27242\/revisions"}],"predecessor-version":[{"id":27244,"href":"https:\/\/www.egemtv.com\/index.php?rest_route=\/wp\/v2\/posts\/27242\/revisions\/27244"}],"wp:featuredmedia":[{"embeddable":true,"href":"https:\/\/www.egemtv.com\/index.php?rest_route=\/wp\/v2\/media\/27243"}],"wp:attachment":[{"href":"https:\/\/www.egemtv.com\/index.php?rest_route=%2Fwp%2Fv2%2Fmedia&parent=27242"}],"wp:term":[{"taxonomy":"category","embeddable":true,"href":"https:\/\/www.egemtv.com\/index.php?rest_route=%2Fwp%2Fv2%2Fcategories&post=27242"},{"taxonomy":"post_tag","embeddable":true,"href":"https:\/\/www.egemtv.com\/index.php?rest_route=%2Fwp%2Fv2%2Ftags&post=27242"}],"curies":[{"name":"wp","href":"https:\/\/api.w.org\/{rel}","templated":true}]}}