{"id":27239,"date":"2025-05-08T20:35:19","date_gmt":"2025-05-08T17:35:19","guid":{"rendered":"https:\/\/www.egemtv.com\/?p=27239"},"modified":"2025-05-08T20:35:23","modified_gmt":"2025-05-08T17:35:23","slug":"aydinin-seckin-liseleri-egitimde-dijitallesme-sergisini-nazillide-gerceklestirdi","status":"publish","type":"post","link":"https:\/\/www.egemtv.com\/?p=27239","title":{"rendered":"Ayd\u0131n\u2019\u0131n se\u00e7kin liseleri &#8220;E\u011fitimde Dijitalle\u015fme&#8221; sergisini Nazilli\u2019de ger\u00e7ekle\u015ftirdi"},"content":{"rendered":"<p>Ayd\u0131n \u0130l Milli E\u011fitim M\u00fcd\u00fcrl\u00fc\u011f\u00fc\u2019n\u00fcn \u00f6nc\u00fcl\u00fc\u011f\u00fcnde y\u00fcr\u00fct\u00fclen &#8220;Liselerde Bilim Uygulamalar\u0131 Projesi&#8221; kapsam\u0131nda Nazilli Fen Lisesi ve Nazilli Anadolu Lisesi\u2019nin i\u015f birli\u011fiyle haz\u0131rlanan sergi, Nazilli Belediye Meydan\u0131\u2019nda ziyaret\u00e7ilere kap\u0131lar\u0131n\u0131 a\u00e7t\u0131.<\/p>\n<p>Serginin a\u00e7\u0131l\u0131\u015f t\u00f6renine Nazilli Kaymakam\u0131 Huriye K\u00fcpeli Kan, Ayd\u0131n \u0130l Milli E\u011fitim M\u00fcd\u00fcr Yard\u0131mc\u0131s\u0131 Erol Barut, Nazilli \u0130l\u00e7e Milli E\u011fitim M\u00fcd\u00fcr\u00fc \u0130smail \u015eim\u015fek, \u0130l\u00e7e Jandarma Komutan\u0131 Y\u00fczba\u015f\u0131 Ahmet Refik \u00d6zsoy, \u015fube m\u00fcd\u00fcrleri, okul m\u00fcd\u00fcrleri, \u00f6\u011fretmenler ve \u00e7ok say\u0131da \u00f6\u011frenci kat\u0131ld\u0131.<\/p>\n<p>Protokol \u00fcyeleri a\u00e7\u0131l\u0131\u015f kurdelesini hep birlikte keserek sergiyi resmen ba\u015flatt\u0131. Ard\u0131ndan sergiyi gezerek \u00f6\u011frencilerden projeler hakk\u0131nda detayl\u0131 bilgiler ald\u0131lar. \u00d6\u011frencilerin dijitalle\u015fen e\u011fitim d\u00fcnyas\u0131na dair haz\u0131rlad\u0131\u011f\u0131 poster bildiriler, hem i\u00e7erik hem de sunum kalitesiyle be\u011feni toplad\u0131.<br \/>\n<br \/>Sergi, dijital \u00e7a\u011fda e\u011fitimde kullan\u0131lan yenilik\u00e7i y\u00f6ntemlerin gen\u00e7ler taraf\u0131ndan nas\u0131l yorumland\u0131\u011f\u0131n\u0131 g\u00f6zler \u00f6n\u00fcne serdi.<br \/><\/p>\n","protected":false},"excerpt":{"rendered":"<p>Ayd\u0131n \u0130l Milli E\u011fitim M\u00fcd\u00fcrl\u00fc\u011f\u00fc\u2019n\u00fcn \u00f6nc\u00fcl\u00fc\u011f\u00fcnde y\u00fcr\u00fct\u00fclen &#8220;Liselerde Bilim Uygulamalar\u0131 Projesi&#8221; kapsam\u0131nda Nazilli Fen Lisesi ve Nazilli Anadolu Lisesi\u2019nin i\u015f birli\u011fiyle haz\u0131rlanan sergi, Nazilli Belediye Meydan\u0131\u2019nda ziyaret\u00e7ilere kap\u0131lar\u0131n\u0131 a\u00e7t\u0131. Serginin a\u00e7\u0131l\u0131\u015f t\u00f6renine Nazilli Kaymakam\u0131 Huriye K\u00fcpeli Kan, Ayd\u0131n \u0130l Milli E\u011fitim M\u00fcd\u00fcr Yard\u0131mc\u0131s\u0131 Erol Barut, Nazilli \u0130l\u00e7e Milli E\u011fitim M\u00fcd\u00fcr\u00fc \u0130smail \u015eim\u015fek, \u0130l\u00e7e Jandarma Komutan\u0131&#8230;<\/p>\n","protected":false},"author":1,"featured_media":27240,"comment_status":"open","ping_status":"open","sticky":false,"template":"","format":"standard","meta":{"_crdt_document":"","footnotes":""},"categories":[1],"tags":[],"class_list":["post-27239","post","type-post","status-publish","format-standard","has-post-thumbnail","hentry","category-guncel"],"_links":{"self":[{"href":"https:\/\/www.egemtv.com\/index.php?rest_route=\/wp\/v2\/posts\/27239","targetHints":{"allow":["GET"]}}],"collection":[{"href":"https:\/\/www.egemtv.com\/index.php?rest_route=\/wp\/v2\/posts"}],"about":[{"href":"https:\/\/www.egemtv.com\/index.php?rest_route=\/wp\/v2\/types\/post"}],"author":[{"embeddable":true,"href":"https:\/\/www.egemtv.com\/index.php?rest_route=\/wp\/v2\/users\/1"}],"replies":[{"embeddable":true,"href":"https:\/\/www.egemtv.com\/index.php?rest_route=%2Fwp%2Fv2%2Fcomments&post=27239"}],"version-history":[{"count":1,"href":"https:\/\/www.egemtv.com\/index.php?rest_route=\/wp\/v2\/posts\/27239\/revisions"}],"predecessor-version":[{"id":27241,"href":"https:\/\/www.egemtv.com\/index.php?rest_route=\/wp\/v2\/posts\/27239\/revisions\/27241"}],"wp:featuredmedia":[{"embeddable":true,"href":"https:\/\/www.egemtv.com\/index.php?rest_route=\/wp\/v2\/media\/27240"}],"wp:attachment":[{"href":"https:\/\/www.egemtv.com\/index.php?rest_route=%2Fwp%2Fv2%2Fmedia&parent=27239"}],"wp:term":[{"taxonomy":"category","embeddable":true,"href":"https:\/\/www.egemtv.com\/index.php?rest_route=%2Fwp%2Fv2%2Fcategories&post=27239"},{"taxonomy":"post_tag","embeddable":true,"href":"https:\/\/www.egemtv.com\/index.php?rest_route=%2Fwp%2Fv2%2Ftags&post=27239"}],"curies":[{"name":"wp","href":"https:\/\/api.w.org\/{rel}","templated":true}]}}