{"id":27236,"date":"2025-05-08T20:35:15","date_gmt":"2025-05-08T17:35:15","guid":{"rendered":"https:\/\/www.egemtv.com\/?p=27236"},"modified":"2025-05-08T20:35:19","modified_gmt":"2025-05-08T17:35:19","slug":"kutahyada-30-agustos-osb-genel-kurulu-toplantisi-yapildi-yeni-donem-icin-hedefler-belirlendi","status":"publish","type":"post","link":"https:\/\/www.egemtv.com\/?p=27236","title":{"rendered":"K\u00fctahya\u2019da \u201930 A\u011fustos OSB Genel Kurulu Toplant\u0131s\u0131\u2019 yap\u0131ld\u0131, yeni d\u00f6nem i\u00e7in hedefler belirlendi"},"content":{"rendered":"<p>K\u00fctahya 30 A\u011fustos Organize Sanayi B\u00f6lgesi (OSB) Y\u00f6netim Kurulu Toplant\u0131s\u0131, Y\u00f6netim Kurulu Ba\u015fkan\u0131 Salih \u00c7etiner ba\u015fkanl\u0131\u011f\u0131nda OSB M\u00fcd\u00fcrl\u00fc\u011f\u00fc\u2019nde ger\u00e7ekle\u015ftirildi. Toplant\u0131ya, Y\u00f6netim Kurulu Ba\u015fkan Vekili Mahmut \u00d6zta\u015f, Y\u00f6netim Kurulu \u00fcyeleri Mahmut Ci\u011fer, Mustafa Yenipazar, Mesut Y\u0131ld\u0131r\u0131m ve OSB M\u00fcd\u00fcr\u00fc Murat Demir kat\u0131ld\u0131.<br \/>\n<br \/>Toplant\u0131da g\u00fcndem maddeleri Divan Ba\u015fkan\u0131 Metehan Besen taraf\u0131ndan sunuldu. OSB M\u00fcd\u00fcr\u00fc Murat Demir, b\u00f6lgede y\u00fcr\u00fct\u00fclen \u00e7al\u0131\u015fmalar hakk\u0131nda bilgi verirken, 13 g\u00fcndem maddesi oy birli\u011fiyle kabul edildi. Toplant\u0131 sonras\u0131nda a\u00e7\u0131klamalarda bulunan Y\u00f6netim Kurulu Ba\u015fkan\u0131 Salih \u00c7etiner, 30 A\u011fustos OSB\u2019nin gelece\u011fine dair \u00f6nemli mesajlar verdi. \u00c7etiner, &#8220;B\u00f6lgemiz bu y\u0131l altyap\u0131 \u00e7al\u0131\u015fmalar\u0131ndan \u00e7evre d\u00fczenlemelerine, dijital d\u00f6n\u00fc\u015f\u00fcm ad\u0131mlar\u0131ndan s\u00fcrd\u00fcr\u00fclebilir enerji projelerine kadar bir\u00e7ok alanda \u00f6nemli ilerlemeler kaydetti. Yeni yat\u0131r\u0131mlarla parsel doluluk oran\u0131m\u0131z artt\u0131, istihdam kapasitemizi geni\u015flettik&#8221; dedi.<br \/>\n<br \/>Sanayicilere y\u00f6nelik hizmetleri daha h\u0131zl\u0131 ve etkin hale getirmek i\u00e7in sistemlerin g\u00f6zden ge\u00e7irildi\u011fini belirten \u00c7etiner, &#8220;30 A\u011fustos OSB\u2019yi sadece b\u00f6lgesel bir \u00fcretim merkezi de\u011fil, uluslararas\u0131 alanda rekabet edebilen bir sanayi \u00fcss\u00fc haline getirme hedefiyle ilerliyoruz&#8221; ifadelerini kulland\u0131.<br \/>\n<br \/>Ba\u015fkan \u00c7etiner, &#8220;Bu topraklarda \u00f6zg\u00fcrce \u00fcretmemizi m\u00fcmk\u00fcn k\u0131lan \u015fehit ve gazilerimizi rahmetle an\u0131yor, 30 A\u011fustos Zaferi\u2019ni bize arma\u011fan eden kahramanlar\u0131m\u0131z\u0131 minnetle y\u00e2d ediyoruz. Yeni d\u00f6nemin b\u00f6lgemize, sanayicilerimize ve \u00e7al\u0131\u015fanlar\u0131m\u0131za ba\u015far\u0131 ve bereket getirmesini diliyorum&#8221; diye konu\u015ftu.<br \/>\n<br \/>Toplant\u0131da al\u0131nan kararlar\u0131n, K\u00fctahya 30 A\u011fustos OSB ve b\u00f6lge sanayisi ad\u0131na hay\u0131rl\u0131 olmas\u0131 temenni edildi.<br \/><\/p>\n","protected":false},"excerpt":{"rendered":"<p>K\u00fctahya 30 A\u011fustos Organize Sanayi B\u00f6lgesi (OSB) Y\u00f6netim Kurulu Toplant\u0131s\u0131, Y\u00f6netim Kurulu Ba\u015fkan\u0131 Salih \u00c7etiner ba\u015fkanl\u0131\u011f\u0131nda OSB M\u00fcd\u00fcrl\u00fc\u011f\u00fc\u2019nde ger\u00e7ekle\u015ftirildi. Toplant\u0131ya, Y\u00f6netim Kurulu Ba\u015fkan Vekili Mahmut \u00d6zta\u015f, Y\u00f6netim Kurulu \u00fcyeleri Mahmut Ci\u011fer, Mustafa Yenipazar, Mesut Y\u0131ld\u0131r\u0131m ve OSB M\u00fcd\u00fcr\u00fc Murat Demir kat\u0131ld\u0131. Toplant\u0131da g\u00fcndem maddeleri Divan Ba\u015fkan\u0131 Metehan Besen taraf\u0131ndan sunuldu. OSB M\u00fcd\u00fcr\u00fc Murat Demir, b\u00f6lgede&#8230;<\/p>\n","protected":false},"author":1,"featured_media":27237,"comment_status":"open","ping_status":"open","sticky":false,"template":"","format":"standard","meta":{"_crdt_document":"","footnotes":""},"categories":[125],"tags":[],"class_list":["post-27236","post","type-post","status-publish","format-standard","has-post-thumbnail","hentry","category-ekonomi"],"_links":{"self":[{"href":"https:\/\/www.egemtv.com\/index.php?rest_route=\/wp\/v2\/posts\/27236","targetHints":{"allow":["GET"]}}],"collection":[{"href":"https:\/\/www.egemtv.com\/index.php?rest_route=\/wp\/v2\/posts"}],"about":[{"href":"https:\/\/www.egemtv.com\/index.php?rest_route=\/wp\/v2\/types\/post"}],"author":[{"embeddable":true,"href":"https:\/\/www.egemtv.com\/index.php?rest_route=\/wp\/v2\/users\/1"}],"replies":[{"embeddable":true,"href":"https:\/\/www.egemtv.com\/index.php?rest_route=%2Fwp%2Fv2%2Fcomments&post=27236"}],"version-history":[{"count":1,"href":"https:\/\/www.egemtv.com\/index.php?rest_route=\/wp\/v2\/posts\/27236\/revisions"}],"predecessor-version":[{"id":27238,"href":"https:\/\/www.egemtv.com\/index.php?rest_route=\/wp\/v2\/posts\/27236\/revisions\/27238"}],"wp:featuredmedia":[{"embeddable":true,"href":"https:\/\/www.egemtv.com\/index.php?rest_route=\/wp\/v2\/media\/27237"}],"wp:attachment":[{"href":"https:\/\/www.egemtv.com\/index.php?rest_route=%2Fwp%2Fv2%2Fmedia&parent=27236"}],"wp:term":[{"taxonomy":"category","embeddable":true,"href":"https:\/\/www.egemtv.com\/index.php?rest_route=%2Fwp%2Fv2%2Fcategories&post=27236"},{"taxonomy":"post_tag","embeddable":true,"href":"https:\/\/www.egemtv.com\/index.php?rest_route=%2Fwp%2Fv2%2Ftags&post=27236"}],"curies":[{"name":"wp","href":"https:\/\/api.w.org\/{rel}","templated":true}]}}