{"id":27233,"date":"2025-05-08T20:15:54","date_gmt":"2025-05-08T17:15:54","guid":{"rendered":"https:\/\/www.egemtv.com\/?p=27233"},"modified":"2025-05-08T20:16:02","modified_gmt":"2025-05-08T17:16:02","slug":"nazillide-minikler-trafik-kurallarini-uzmanlarindan-ogrendi","status":"publish","type":"post","link":"https:\/\/www.egemtv.com\/?p=27233","title":{"rendered":"Nazilli\u2019de minikler trafik kurallar\u0131n\u0131 uzmanlar\u0131ndan \u00f6\u011frendi"},"content":{"rendered":"<p>Ayd\u0131n\u2019\u0131n Nazilli il\u00e7esinde Trafik Haftas\u0131 etkinlikleri kapsam\u0131nda minik \u00f6\u011frencilere y\u00f6nelik \u2018G\u00fcvenli Trafik E\u011fitimi\u2019 d\u00fczenlendi. \u015eehit Celal G\u00fcng\u00f6r \u0130lkokulu ve anas\u0131n\u0131f\u0131 \u00f6\u011frencilerine y\u00f6nelik program, S\u00fcmerpark Alan\u0131\u2019nda ger\u00e7ekle\u015ftirildi.<\/p>\n<p>Etkinli\u011fe Nazilli Kaymakam\u0131 Huriye K\u00fcpeli Kan, \u0130l\u00e7e Emniyet M\u00fcd\u00fcr\u00fc \u015eafak Y\u0131ld\u0131r\u0131m, \u0130l\u00e7e Jandarma Komutan\u0131 Y\u00fczba\u015f\u0131 Ahmet Refik \u00d6zsoy, \u0130l\u00e7e Milli E\u011fitim M\u00fcd\u00fcr\u00fc \u0130smail \u015eim\u015fek, \u015fube m\u00fcd\u00fcrleri, \u00f6\u011fretmenler, veliler ve \u00e7ok say\u0131da minik \u00f6\u011frenci kat\u0131ld\u0131.<\/p>\n<p>Trafik polisleri taraf\u0131ndan verilen e\u011fitimde miniklere; yaya ge\u00e7idi kullan\u0131m\u0131, trafik \u0131\u015f\u0131klar\u0131na dikkat edilmesi, kask ve emniyet kemeri takman\u0131n \u00f6nemi gibi temel trafik kurallar\u0131 anlat\u0131ld\u0131.<\/p>\n<p>Programda konu\u015fan Nazilli Kaymakam\u0131 Huriye K\u00fcpeli Kan, trafik bilincinin k\u00fc\u00e7\u00fck ya\u015fta kazand\u0131r\u0131lmas\u0131 gerekti\u011fine dikkat \u00e7ekerek: &#8220;E\u011fitim \u00f6\u011fretim y\u0131l\u0131n\u0131n ba\u015f\u0131ndan bu yana il\u00e7emizde 4 bin 115 \u00e7ocu\u011fumuz trafik e\u011fitimi ald\u0131. A\u011fa\u00e7 ya\u015fken e\u011filir d\u00fc\u015f\u00fcncesiyle \u00f6zellikle 3. ve 4. s\u0131n\u0131f \u00f6\u011frencilerimiz y\u0131l boyunca bu e\u011fitimleri ald\u0131. Her g\u00fcn trafik kazalar\u0131yla kar\u015f\u0131la\u015f\u0131yoruz ve ne yaz\u0131k ki baz\u0131lar\u0131 can kayb\u0131yla sonu\u00e7lan\u0131yor. E\u011fer herkes trafik kurallar\u0131na uysa, bu ac\u0131 tablolar ya\u015fanmaz. Motosiklet kullan\u0131c\u0131lar\u0131n\u0131n mutlaka kask takmas\u0131n\u0131 istiyoruz. \u00c7ocuklar\u0131m\u0131za sorduk, sadece biri babas\u0131n\u0131n kask takt\u0131\u011f\u0131n\u0131 s\u00f6yledi. Umar\u0131m \u00e7ocuklar\u0131m\u0131z ailelerini bu konuda uyar\u0131r. Dile\u011fimiz, il\u00e7emizde trafik g\u00fcvenli\u011finin tam anlam\u0131yla sa\u011flanmas\u0131 ve hi\u00e7bir vatanda\u015f\u0131m\u0131z\u0131n kaza ya\u015famamas\u0131d\u0131r&#8221; dedi.<\/p>\n<p>Etkinlik sonunda \u00f6\u011frencilere boyama kitab\u0131, \u00e7arp\u0131m tablosu, not defteri, balon, T\u00fcrk bayra\u011f\u0131 ve d\u00fcd\u00fck hediye edildi.<br \/><\/p>\n","protected":false},"excerpt":{"rendered":"<p>Ayd\u0131n\u2019\u0131n Nazilli il\u00e7esinde Trafik Haftas\u0131 etkinlikleri kapsam\u0131nda minik \u00f6\u011frencilere y\u00f6nelik \u2018G\u00fcvenli Trafik E\u011fitimi\u2019 d\u00fczenlendi. \u015eehit Celal G\u00fcng\u00f6r \u0130lkokulu ve anas\u0131n\u0131f\u0131 \u00f6\u011frencilerine y\u00f6nelik program, S\u00fcmerpark Alan\u0131\u2019nda ger\u00e7ekle\u015ftirildi. Etkinli\u011fe Nazilli Kaymakam\u0131 Huriye K\u00fcpeli Kan, \u0130l\u00e7e Emniyet M\u00fcd\u00fcr\u00fc \u015eafak Y\u0131ld\u0131r\u0131m, \u0130l\u00e7e Jandarma Komutan\u0131 Y\u00fczba\u015f\u0131 Ahmet Refik \u00d6zsoy, \u0130l\u00e7e Milli E\u011fitim M\u00fcd\u00fcr\u00fc \u0130smail \u015eim\u015fek, \u015fube m\u00fcd\u00fcrleri, \u00f6\u011fretmenler, veliler ve&#8230;<\/p>\n","protected":false},"author":1,"featured_media":27234,"comment_status":"open","ping_status":"open","sticky":false,"template":"","format":"standard","meta":{"_crdt_document":"","footnotes":""},"categories":[1],"tags":[],"class_list":["post-27233","post","type-post","status-publish","format-standard","has-post-thumbnail","hentry","category-guncel"],"_links":{"self":[{"href":"https:\/\/www.egemtv.com\/index.php?rest_route=\/wp\/v2\/posts\/27233","targetHints":{"allow":["GET"]}}],"collection":[{"href":"https:\/\/www.egemtv.com\/index.php?rest_route=\/wp\/v2\/posts"}],"about":[{"href":"https:\/\/www.egemtv.com\/index.php?rest_route=\/wp\/v2\/types\/post"}],"author":[{"embeddable":true,"href":"https:\/\/www.egemtv.com\/index.php?rest_route=\/wp\/v2\/users\/1"}],"replies":[{"embeddable":true,"href":"https:\/\/www.egemtv.com\/index.php?rest_route=%2Fwp%2Fv2%2Fcomments&post=27233"}],"version-history":[{"count":1,"href":"https:\/\/www.egemtv.com\/index.php?rest_route=\/wp\/v2\/posts\/27233\/revisions"}],"predecessor-version":[{"id":27235,"href":"https:\/\/www.egemtv.com\/index.php?rest_route=\/wp\/v2\/posts\/27233\/revisions\/27235"}],"wp:featuredmedia":[{"embeddable":true,"href":"https:\/\/www.egemtv.com\/index.php?rest_route=\/wp\/v2\/media\/27234"}],"wp:attachment":[{"href":"https:\/\/www.egemtv.com\/index.php?rest_route=%2Fwp%2Fv2%2Fmedia&parent=27233"}],"wp:term":[{"taxonomy":"category","embeddable":true,"href":"https:\/\/www.egemtv.com\/index.php?rest_route=%2Fwp%2Fv2%2Fcategories&post=27233"},{"taxonomy":"post_tag","embeddable":true,"href":"https:\/\/www.egemtv.com\/index.php?rest_route=%2Fwp%2Fv2%2Ftags&post=27233"}],"curies":[{"name":"wp","href":"https:\/\/api.w.org\/{rel}","templated":true}]}}