{"id":27230,"date":"2025-05-08T19:56:04","date_gmt":"2025-05-08T16:56:04","guid":{"rendered":"https:\/\/www.egemtv.com\/?p=27230"},"modified":"2025-05-08T19:56:56","modified_gmt":"2025-05-08T16:56:56","slug":"fethiyede-kamyonet-ile-kamyon-carpisti-2-yarali","status":"publish","type":"post","link":"https:\/\/www.egemtv.com\/?p=27230","title":{"rendered":"Fethiye\u2019de kamyonet ile kamyon \u00e7arp\u0131\u015ft\u0131; 2 yaral\u0131"},"content":{"rendered":"<p>Fethiye\u2019de kamyon ile kamyonetin \u00e7arp\u0131\u015ft\u0131\u011f\u0131 kazada 2 ki\u015fi yaraland\u0131.<br \/>\n<br \/>Kaza, Ovac\u0131k Mahallesi\u2019nde meydana geldi. V.D. idaresindeki 06 BUL 621 plakal\u0131 kamyonet ile M.Y.B.\u2019nin y\u00f6netimindeki belediyeye ait i\u015f makinesi \u00e7arp\u0131\u015ft\u0131. Kazada kamyonet s\u00fcr\u00fcc\u00fcs\u00fc ile yan\u0131nda yolcu olarak bulunan Y.\u00c7. yaraland\u0131.<br \/>\n<br \/>Kazay\u0131 g\u00f6renler 112 Acil \u00c7a\u011fr\u0131 Merkezi\u2019ne ihbarda bulundu. \u0130hbar \u00fczerine kaza yerine sa\u011fl\u0131k ve jandarma ekipleri sevk edildi. Yaral\u0131lar ilk m\u00fcdahalenin ard\u0131ndan ambulansla hastaneye kald\u0131r\u0131ld\u0131.<\/p>\n","protected":false},"excerpt":{"rendered":"<p>Fethiye\u2019de kamyon ile kamyonetin \u00e7arp\u0131\u015ft\u0131\u011f\u0131 kazada 2 ki\u015fi yaraland\u0131. Kaza, Ovac\u0131k Mahallesi\u2019nde meydana geldi. V.D. idaresindeki 06 BUL 621 plakal\u0131 kamyonet ile M.Y.B.\u2019nin y\u00f6netimindeki belediyeye ait i\u015f makinesi \u00e7arp\u0131\u015ft\u0131. Kazada kamyonet s\u00fcr\u00fcc\u00fcs\u00fc ile yan\u0131nda yolcu olarak bulunan Y.\u00c7. yaraland\u0131. Kazay\u0131 g\u00f6renler 112 Acil \u00c7a\u011fr\u0131 Merkezi\u2019ne ihbarda bulundu. \u0130hbar \u00fczerine kaza yerine sa\u011fl\u0131k ve jandarma ekipleri&#8230;<\/p>\n","protected":false},"author":1,"featured_media":27231,"comment_status":"open","ping_status":"open","sticky":false,"template":"","format":"standard","meta":{"_crdt_document":"","footnotes":""},"categories":[5],"tags":[],"class_list":["post-27230","post","type-post","status-publish","format-standard","has-post-thumbnail","hentry","category-asayis"],"_links":{"self":[{"href":"https:\/\/www.egemtv.com\/index.php?rest_route=\/wp\/v2\/posts\/27230","targetHints":{"allow":["GET"]}}],"collection":[{"href":"https:\/\/www.egemtv.com\/index.php?rest_route=\/wp\/v2\/posts"}],"about":[{"href":"https:\/\/www.egemtv.com\/index.php?rest_route=\/wp\/v2\/types\/post"}],"author":[{"embeddable":true,"href":"https:\/\/www.egemtv.com\/index.php?rest_route=\/wp\/v2\/users\/1"}],"replies":[{"embeddable":true,"href":"https:\/\/www.egemtv.com\/index.php?rest_route=%2Fwp%2Fv2%2Fcomments&post=27230"}],"version-history":[{"count":1,"href":"https:\/\/www.egemtv.com\/index.php?rest_route=\/wp\/v2\/posts\/27230\/revisions"}],"predecessor-version":[{"id":27232,"href":"https:\/\/www.egemtv.com\/index.php?rest_route=\/wp\/v2\/posts\/27230\/revisions\/27232"}],"wp:featuredmedia":[{"embeddable":true,"href":"https:\/\/www.egemtv.com\/index.php?rest_route=\/wp\/v2\/media\/27231"}],"wp:attachment":[{"href":"https:\/\/www.egemtv.com\/index.php?rest_route=%2Fwp%2Fv2%2Fmedia&parent=27230"}],"wp:term":[{"taxonomy":"category","embeddable":true,"href":"https:\/\/www.egemtv.com\/index.php?rest_route=%2Fwp%2Fv2%2Fcategories&post=27230"},{"taxonomy":"post_tag","embeddable":true,"href":"https:\/\/www.egemtv.com\/index.php?rest_route=%2Fwp%2Fv2%2Ftags&post=27230"}],"curies":[{"name":"wp","href":"https:\/\/api.w.org\/{rel}","templated":true}]}}