{"id":27227,"date":"2025-05-08T19:18:29","date_gmt":"2025-05-08T16:18:29","guid":{"rendered":"https:\/\/www.egemtv.com\/?p=27227"},"modified":"2025-05-08T19:18:33","modified_gmt":"2025-05-08T16:18:33","slug":"kutahya-tarim-fuari-acildi","status":"publish","type":"post","link":"https:\/\/www.egemtv.com\/?p=27227","title":{"rendered":"K\u00fctahya Tar\u0131m Fuar\u0131 a\u00e7\u0131ld\u0131"},"content":{"rendered":"<p>K\u00fctahya Tar\u0131m, Hayvanc\u0131l\u0131k, Serac\u0131l\u0131k ve S\u00fct End\u00fcstrisi Fuar\u0131 (K\u00dcTAF) t\u00f6renle ziyarete a\u00e7\u0131ld\u0131.<br \/>\n<br \/>4 g\u00fcn s\u00fcrecek olan fuarda, tar\u0131m makineleri ve ekipmanlar\u0131, organik g\u00fcbre, tohum ve yem \u00fcr\u00fcnlerinin tan\u0131t\u0131laca\u011f\u0131n\u0131 belirtildi.<br \/>\n<br \/>Frig Fuarc\u0131l\u0131k Y\u00f6netim Kurulu Ba\u015fkan\u0131 Tuncay Varol, yapt\u0131\u011f\u0131 a\u00e7\u0131klamada, &#8220;K\u00fctahya Tar\u0131m Fuar\u0131 bu y\u0131l 15. kez kap\u0131lar\u0131n\u0131 a\u00e7t\u0131. Pazartesi Pazar\u0131\u2019nda 15 bin metrekare bir alanda 250\u2019e yak\u0131n firmam\u0131zla Tar\u0131m Fuar\u0131m\u0131z\u0131 a\u00e7t\u0131k. Frig Fuarc\u0131l\u0131k olarak d\u00fczenledi\u011fimiz bu fuarda, Ziraat Odalar\u0131m\u0131z, Tar\u0131m \u0130l M\u00fcd\u00fcrl\u00fc\u011f\u00fcm\u00fcz, Ticaret Borsam\u0131z, Tar\u0131m Kredi gibi sivil toplum \u00f6rg\u00fctlerimiz ve kamu kurumlar\u0131n\u0131n \u00e7ok b\u00fcy\u00fck katk\u0131lar\u0131 var. Bu fuarda \u00f6zellikle \u00fcreticilerimizi buraya almak bizi \u00e7ok mutlu ediyor. 15 y\u0131ld\u0131r K\u00fctahya\u2019da tar\u0131m sekt\u00f6r\u00fcn\u00fcn gelene\u011fi haline geldi. \u00d6zellikle geli\u015fen tar\u0131m teknolojisi, iklim de\u011fi\u015fikli\u011fi gibi konulardan dolay\u0131 \u00fcreticilerin bu fuarlara ger\u00e7ekten ilgisi oluyor ve burada s\u00fcrekli yeni teknolojileri bulabiliyorlar&#8221; ifadelerini kulland\u0131.<br \/>\n<br \/>Varol, 11 May\u0131s g\u00fcn\u00fc sona erecek olan fuar\u0131 100 binin \u00fczerinde ziyaret\u00e7i hedeflediklerini ifade etti.<br \/>\n<br \/>AK Parti K\u00fctahya \u0130l Ba\u015fkan\u0131 Ceyda \u00c7etin Erenler ve protokol mensuplar\u0131, a\u00e7\u0131l\u0131\u015f t\u00f6reni sonras\u0131 fuar\u0131 gezerek firmalar\u0131n yetkililerinden \u00fcr\u00fcnleri hakk\u0131nda bilgi ald\u0131lar.<br \/><\/p>\n","protected":false},"excerpt":{"rendered":"<p>K\u00fctahya Tar\u0131m, Hayvanc\u0131l\u0131k, Serac\u0131l\u0131k ve S\u00fct End\u00fcstrisi Fuar\u0131 (K\u00dcTAF) t\u00f6renle ziyarete a\u00e7\u0131ld\u0131. 4 g\u00fcn s\u00fcrecek olan fuarda, tar\u0131m makineleri ve ekipmanlar\u0131, organik g\u00fcbre, tohum ve yem \u00fcr\u00fcnlerinin tan\u0131t\u0131laca\u011f\u0131n\u0131 belirtildi. Frig Fuarc\u0131l\u0131k Y\u00f6netim Kurulu Ba\u015fkan\u0131 Tuncay Varol, yapt\u0131\u011f\u0131 a\u00e7\u0131klamada, &#8220;K\u00fctahya Tar\u0131m Fuar\u0131 bu y\u0131l 15. kez kap\u0131lar\u0131n\u0131 a\u00e7t\u0131. Pazartesi Pazar\u0131\u2019nda 15 bin metrekare bir alanda 250\u2019e&#8230;<\/p>\n","protected":false},"author":1,"featured_media":27228,"comment_status":"open","ping_status":"open","sticky":false,"template":"","format":"standard","meta":{"_crdt_document":"","footnotes":""},"categories":[125],"tags":[],"class_list":["post-27227","post","type-post","status-publish","format-standard","has-post-thumbnail","hentry","category-ekonomi"],"_links":{"self":[{"href":"https:\/\/www.egemtv.com\/index.php?rest_route=\/wp\/v2\/posts\/27227","targetHints":{"allow":["GET"]}}],"collection":[{"href":"https:\/\/www.egemtv.com\/index.php?rest_route=\/wp\/v2\/posts"}],"about":[{"href":"https:\/\/www.egemtv.com\/index.php?rest_route=\/wp\/v2\/types\/post"}],"author":[{"embeddable":true,"href":"https:\/\/www.egemtv.com\/index.php?rest_route=\/wp\/v2\/users\/1"}],"replies":[{"embeddable":true,"href":"https:\/\/www.egemtv.com\/index.php?rest_route=%2Fwp%2Fv2%2Fcomments&post=27227"}],"version-history":[{"count":1,"href":"https:\/\/www.egemtv.com\/index.php?rest_route=\/wp\/v2\/posts\/27227\/revisions"}],"predecessor-version":[{"id":27229,"href":"https:\/\/www.egemtv.com\/index.php?rest_route=\/wp\/v2\/posts\/27227\/revisions\/27229"}],"wp:featuredmedia":[{"embeddable":true,"href":"https:\/\/www.egemtv.com\/index.php?rest_route=\/wp\/v2\/media\/27228"}],"wp:attachment":[{"href":"https:\/\/www.egemtv.com\/index.php?rest_route=%2Fwp%2Fv2%2Fmedia&parent=27227"}],"wp:term":[{"taxonomy":"category","embeddable":true,"href":"https:\/\/www.egemtv.com\/index.php?rest_route=%2Fwp%2Fv2%2Fcategories&post=27227"},{"taxonomy":"post_tag","embeddable":true,"href":"https:\/\/www.egemtv.com\/index.php?rest_route=%2Fwp%2Fv2%2Ftags&post=27227"}],"curies":[{"name":"wp","href":"https:\/\/api.w.org\/{rel}","templated":true}]}}