{"id":27224,"date":"2025-05-08T19:18:26","date_gmt":"2025-05-08T16:18:26","guid":{"rendered":"https:\/\/www.egemtv.com\/?p=27224"},"modified":"2025-05-08T19:18:29","modified_gmt":"2025-05-08T16:18:29","slug":"tir-kirmizi-isikta-bekleyen-otobus-ve-otomobile-carpti-6-yarali","status":"publish","type":"post","link":"https:\/\/www.egemtv.com\/?p=27224","title":{"rendered":"T\u0131r, k\u0131rm\u0131z\u0131 \u0131\u015f\u0131kta bekleyen otob\u00fcs ve otomobile \u00e7arpt\u0131: 6  yaral\u0131"},"content":{"rendered":"<p>Denizli\u2019nin Tavas il\u00e7esinde k\u0131rm\u0131z\u0131 \u0131\u015f\u0131kta bekleyen otob\u00fcs ve otomobile t\u0131r\u0131n \u00e7arpmas\u0131 sonucu meydana gelen trafik kazas\u0131nda 6 ki\u015fi yaraland\u0131.<br \/>\n<br \/>Kaza, Tavas il\u00e7esi Samanl\u0131k Mahallesi Denizli-Mu\u011fla karayolunda meydana geldi. Edinilen bilgilere g\u00f6re, hen\u00fcz isimleri belirlenemeyen 61 AGC 919 plakal\u0131 otob\u00fcs ile 20 V 6148 plakal\u0131 otomobil k\u0131rm\u0131z\u0131 \u0131\u015f\u0131kta beklerken arkadan gelen 20 AEC 085 plakal\u0131 t\u0131r iki araca da arkadan \u00e7arpt\u0131. Kaza sonucunda otomobil ref\u00fcje \u00e7\u0131kt\u0131. Kazada 6 ki\u015fi yaraland\u0131. Otob\u00fcste maddi hasar meydana gelirken t\u0131r ise hurdaya d\u00f6nd\u00fc. Kazay\u0131 g\u00f6ren \u00e7evredeki vatanda\u015flar durumu 112 Acil \u00c7a\u011fr\u0131 Merkezine bildirdi. \u0130hbar \u00fczerine b\u00f6lgeye itfaiye, polis ve sa\u011fl\u0131k ekipleri sevk edildi.<br \/>\n<br \/>B\u00f6lgeye gelen itfaiye ekipleri t\u0131r\u0131n s\u00fcr\u00fcc\u00fcs\u00fcn\u00fc s\u0131k\u0131\u015ft\u0131\u011f\u0131 yerden \u00e7\u0131kararak sa\u011fl\u0131k ekiplerine teslim etti. Sa\u011fl\u0131k ekipleri taraf\u0131ndan yaral\u0131lar olay yerinde ilk m\u00fcdahaleleri yapt\u0131ktan sonra ambulanslarla Tavas Devlet Hastanesi\u2019ne sevk etti. Kaza sonucunda yol bir s\u00fcreli\u011fine trafi\u011fe kapat\u0131ld\u0131. B\u00f6lgeye gelen vin\u00e7 \u00e7al\u0131\u015fmalar\u0131n\u0131n ard\u0131ndan yol eski haline d\u00f6nerek kontroll\u00fc bir \u015fekilde ula\u015f\u0131ma a\u00e7\u0131ld\u0131. Kaza ile ilgili soru\u015fturma ba\u015flat\u0131ld\u0131.<br \/><\/p>\n","protected":false},"excerpt":{"rendered":"<p>Denizli\u2019nin Tavas il\u00e7esinde k\u0131rm\u0131z\u0131 \u0131\u015f\u0131kta bekleyen otob\u00fcs ve otomobile t\u0131r\u0131n \u00e7arpmas\u0131 sonucu meydana gelen trafik kazas\u0131nda 6 ki\u015fi yaraland\u0131. Kaza, Tavas il\u00e7esi Samanl\u0131k Mahallesi Denizli-Mu\u011fla karayolunda meydana geldi. Edinilen bilgilere g\u00f6re, hen\u00fcz isimleri belirlenemeyen 61 AGC 919 plakal\u0131 otob\u00fcs ile 20 V 6148 plakal\u0131 otomobil k\u0131rm\u0131z\u0131 \u0131\u015f\u0131kta beklerken arkadan gelen 20 AEC 085 plakal\u0131 t\u0131r&#8230;<\/p>\n","protected":false},"author":1,"featured_media":27225,"comment_status":"open","ping_status":"open","sticky":false,"template":"","format":"standard","meta":{"_crdt_document":"","footnotes":""},"categories":[5],"tags":[],"class_list":["post-27224","post","type-post","status-publish","format-standard","has-post-thumbnail","hentry","category-asayis"],"_links":{"self":[{"href":"https:\/\/www.egemtv.com\/index.php?rest_route=\/wp\/v2\/posts\/27224","targetHints":{"allow":["GET"]}}],"collection":[{"href":"https:\/\/www.egemtv.com\/index.php?rest_route=\/wp\/v2\/posts"}],"about":[{"href":"https:\/\/www.egemtv.com\/index.php?rest_route=\/wp\/v2\/types\/post"}],"author":[{"embeddable":true,"href":"https:\/\/www.egemtv.com\/index.php?rest_route=\/wp\/v2\/users\/1"}],"replies":[{"embeddable":true,"href":"https:\/\/www.egemtv.com\/index.php?rest_route=%2Fwp%2Fv2%2Fcomments&post=27224"}],"version-history":[{"count":1,"href":"https:\/\/www.egemtv.com\/index.php?rest_route=\/wp\/v2\/posts\/27224\/revisions"}],"predecessor-version":[{"id":27226,"href":"https:\/\/www.egemtv.com\/index.php?rest_route=\/wp\/v2\/posts\/27224\/revisions\/27226"}],"wp:featuredmedia":[{"embeddable":true,"href":"https:\/\/www.egemtv.com\/index.php?rest_route=\/wp\/v2\/media\/27225"}],"wp:attachment":[{"href":"https:\/\/www.egemtv.com\/index.php?rest_route=%2Fwp%2Fv2%2Fmedia&parent=27224"}],"wp:term":[{"taxonomy":"category","embeddable":true,"href":"https:\/\/www.egemtv.com\/index.php?rest_route=%2Fwp%2Fv2%2Fcategories&post=27224"},{"taxonomy":"post_tag","embeddable":true,"href":"https:\/\/www.egemtv.com\/index.php?rest_route=%2Fwp%2Fv2%2Ftags&post=27224"}],"curies":[{"name":"wp","href":"https:\/\/api.w.org\/{rel}","templated":true}]}}