{"id":27221,"date":"2025-05-08T19:18:22","date_gmt":"2025-05-08T16:18:22","guid":{"rendered":"https:\/\/www.egemtv.com\/?p=27221"},"modified":"2025-05-08T19:18:26","modified_gmt":"2025-05-08T16:18:26","slug":"su-borusu-bomba-gibi-patladi-site-savas-alanina-dondu","status":"publish","type":"post","link":"https:\/\/www.egemtv.com\/?p=27221","title":{"rendered":"Su borusu bomba gibi patlad\u0131, site sava\u015f alan\u0131na d\u00f6nd\u00fc"},"content":{"rendered":"<p>Mu\u011fla\u2019n\u0131n Bodrum il\u00e7esinde ana su isale hatt\u0131nda meydana gelen patlama sonucu bir sitedeki evleri su bast\u0131, ara\u00e7lar\u0131n camlar\u0131 patlad\u0131.<br \/>\n<br \/>Yah\u015fi Mahallesi Karg\u0131 Caddesi\u2019nde saat 17.00 s\u0131ralar\u0131nda y\u00fcr\u00fct\u00fclen onar\u0131m \u00e7al\u0131\u015fmas\u0131 s\u0131ras\u0131nda b\u00fcy\u00fck bir g\u00fcr\u00fclt\u00fcyle patlayan hat, tonlarca suyu ve ta\u015f par\u00e7alar\u0131n\u0131 metrelerce yukar\u0131 f\u0131rlatt\u0131. Patlaman\u0131n etkisiyle su ve molozlar, hatt\u0131n hemen yan\u0131nda bulunan bir siteye ula\u015ft\u0131. Site i\u00e7erisinde bulunan 9 ev su alt\u0131nda kal\u0131rken, bah\u00e7elerde ciddi hasar olu\u015ftu. Patlamayla birlikte 1 otomobilin cam\u0131 k\u0131r\u0131l\u0131rken, bir di\u011fer arac\u0131n \u00f6n cam\u0131nda hasar meydana geldi.<br \/>\n<br \/>Olay s\u0131ras\u0131nda b\u00f6lgede \u00e7al\u0131\u015fma yapan i\u015f\u00e7iler canlar\u0131n\u0131 son anda kurtar\u0131rken, caddeden denize do\u011fru akan tonlarca su nedeniyle denizin rengi kahverengiye d\u00f6nd\u00fc. Facian\u0131n e\u015fi\u011finden d\u00f6n\u00fclen anlar ise sitenin g\u00fcvenlik kameras\u0131na yans\u0131d\u0131. \u0130hbar \u00fczerine olay yerine sevk edilen belediye ekipleri, hasar\u0131n boyutunu tespit ederek onar\u0131m \u00e7al\u0131\u015fmalar\u0131na ba\u015flad\u0131.<br \/>\n<br \/>Patlamaya tan\u0131k olan site sakinlerinden B\u00fc\u015fra Kaptan, &#8220;B\u00fcy\u00fck bir g\u00fcr\u00fclt\u00fcyle irkildik. Deprem oldu sand\u0131k. Site i\u00e7inde her yer mahvoldu&#8221; diyerek ya\u015fad\u0131\u011f\u0131 deh\u015feti anlatt\u0131.<br \/><\/p>\n","protected":false},"excerpt":{"rendered":"<p>Mu\u011fla\u2019n\u0131n Bodrum il\u00e7esinde ana su isale hatt\u0131nda meydana gelen patlama sonucu bir sitedeki evleri su bast\u0131, ara\u00e7lar\u0131n camlar\u0131 patlad\u0131. Yah\u015fi Mahallesi Karg\u0131 Caddesi\u2019nde saat 17.00 s\u0131ralar\u0131nda y\u00fcr\u00fct\u00fclen onar\u0131m \u00e7al\u0131\u015fmas\u0131 s\u0131ras\u0131nda b\u00fcy\u00fck bir g\u00fcr\u00fclt\u00fcyle patlayan hat, tonlarca suyu ve ta\u015f par\u00e7alar\u0131n\u0131 metrelerce yukar\u0131 f\u0131rlatt\u0131. Patlaman\u0131n etkisiyle su ve molozlar, hatt\u0131n hemen yan\u0131nda bulunan bir siteye ula\u015ft\u0131&#8230;.<\/p>\n","protected":false},"author":1,"featured_media":27222,"comment_status":"open","ping_status":"open","sticky":false,"template":"","format":"standard","meta":{"_crdt_document":"","footnotes":""},"categories":[5],"tags":[],"class_list":["post-27221","post","type-post","status-publish","format-standard","has-post-thumbnail","hentry","category-asayis"],"_links":{"self":[{"href":"https:\/\/www.egemtv.com\/index.php?rest_route=\/wp\/v2\/posts\/27221","targetHints":{"allow":["GET"]}}],"collection":[{"href":"https:\/\/www.egemtv.com\/index.php?rest_route=\/wp\/v2\/posts"}],"about":[{"href":"https:\/\/www.egemtv.com\/index.php?rest_route=\/wp\/v2\/types\/post"}],"author":[{"embeddable":true,"href":"https:\/\/www.egemtv.com\/index.php?rest_route=\/wp\/v2\/users\/1"}],"replies":[{"embeddable":true,"href":"https:\/\/www.egemtv.com\/index.php?rest_route=%2Fwp%2Fv2%2Fcomments&post=27221"}],"version-history":[{"count":1,"href":"https:\/\/www.egemtv.com\/index.php?rest_route=\/wp\/v2\/posts\/27221\/revisions"}],"predecessor-version":[{"id":27223,"href":"https:\/\/www.egemtv.com\/index.php?rest_route=\/wp\/v2\/posts\/27221\/revisions\/27223"}],"wp:featuredmedia":[{"embeddable":true,"href":"https:\/\/www.egemtv.com\/index.php?rest_route=\/wp\/v2\/media\/27222"}],"wp:attachment":[{"href":"https:\/\/www.egemtv.com\/index.php?rest_route=%2Fwp%2Fv2%2Fmedia&parent=27221"}],"wp:term":[{"taxonomy":"category","embeddable":true,"href":"https:\/\/www.egemtv.com\/index.php?rest_route=%2Fwp%2Fv2%2Fcategories&post=27221"},{"taxonomy":"post_tag","embeddable":true,"href":"https:\/\/www.egemtv.com\/index.php?rest_route=%2Fwp%2Fv2%2Ftags&post=27221"}],"curies":[{"name":"wp","href":"https:\/\/api.w.org\/{rel}","templated":true}]}}