{"id":27218,"date":"2025-05-08T18:55:57","date_gmt":"2025-05-08T15:55:57","guid":{"rendered":"https:\/\/www.egemtv.com\/?p=27218"},"modified":"2025-05-08T18:56:02","modified_gmt":"2025-05-08T15:56:02","slug":"ticari-gemide-yaralanan-vatandas-icin-tibbi-tahliye","status":"publish","type":"post","link":"https:\/\/www.egemtv.com\/?p=27218","title":{"rendered":"Ticari gemide yaralanan vatanda\u015f i\u00e7in t\u0131bbi tahliye"},"content":{"rendered":"<p>Mu\u011fla\u2019n\u0131n Fethiye il\u00e7esi a\u00e7\u0131klar\u0131nda seyreden ticari gemide yaralanan \u015fah\u0131s, Sahil G\u00fcvenlik ekiplerince t\u0131bbi tahliyesi ger\u00e7ekle\u015ftirildi.<br \/>\n<br \/>Fethiye a\u00e7\u0131klar\u0131nda seyreden ticari gemide vatanda\u015f\u0131n yaralanmas\u0131 \u00fczerine yard\u0131m \u00e7a\u011fr\u0131s\u0131 yap\u0131ld\u0131. Yap\u0131lan yard\u0131m \u00e7a\u011fr\u0131s\u0131 \u00fczerine Sahil G\u00fcvenlik ekipleri taraf\u0131ndan vatanda\u015f\u0131n denizden tahliyesi yap\u0131larak 112 ambulans ekiplerine teslim edildi.<br \/><\/p>\n","protected":false},"excerpt":{"rendered":"<p>Mu\u011fla\u2019n\u0131n Fethiye il\u00e7esi a\u00e7\u0131klar\u0131nda seyreden ticari gemide yaralanan \u015fah\u0131s, Sahil G\u00fcvenlik ekiplerince t\u0131bbi tahliyesi ger\u00e7ekle\u015ftirildi. Fethiye a\u00e7\u0131klar\u0131nda seyreden ticari gemide vatanda\u015f\u0131n yaralanmas\u0131 \u00fczerine yard\u0131m \u00e7a\u011fr\u0131s\u0131 yap\u0131ld\u0131. Yap\u0131lan yard\u0131m \u00e7a\u011fr\u0131s\u0131 \u00fczerine Sahil G\u00fcvenlik ekipleri taraf\u0131ndan vatanda\u015f\u0131n denizden tahliyesi yap\u0131larak 112 ambulans ekiplerine teslim edildi.<\/p>\n","protected":false},"author":1,"featured_media":27219,"comment_status":"open","ping_status":"open","sticky":false,"template":"","format":"standard","meta":{"_crdt_document":"","footnotes":""},"categories":[2],"tags":[],"class_list":["post-27218","post","type-post","status-publish","format-standard","has-post-thumbnail","hentry","category-saglik"],"_links":{"self":[{"href":"https:\/\/www.egemtv.com\/index.php?rest_route=\/wp\/v2\/posts\/27218","targetHints":{"allow":["GET"]}}],"collection":[{"href":"https:\/\/www.egemtv.com\/index.php?rest_route=\/wp\/v2\/posts"}],"about":[{"href":"https:\/\/www.egemtv.com\/index.php?rest_route=\/wp\/v2\/types\/post"}],"author":[{"embeddable":true,"href":"https:\/\/www.egemtv.com\/index.php?rest_route=\/wp\/v2\/users\/1"}],"replies":[{"embeddable":true,"href":"https:\/\/www.egemtv.com\/index.php?rest_route=%2Fwp%2Fv2%2Fcomments&post=27218"}],"version-history":[{"count":1,"href":"https:\/\/www.egemtv.com\/index.php?rest_route=\/wp\/v2\/posts\/27218\/revisions"}],"predecessor-version":[{"id":27220,"href":"https:\/\/www.egemtv.com\/index.php?rest_route=\/wp\/v2\/posts\/27218\/revisions\/27220"}],"wp:featuredmedia":[{"embeddable":true,"href":"https:\/\/www.egemtv.com\/index.php?rest_route=\/wp\/v2\/media\/27219"}],"wp:attachment":[{"href":"https:\/\/www.egemtv.com\/index.php?rest_route=%2Fwp%2Fv2%2Fmedia&parent=27218"}],"wp:term":[{"taxonomy":"category","embeddable":true,"href":"https:\/\/www.egemtv.com\/index.php?rest_route=%2Fwp%2Fv2%2Fcategories&post=27218"},{"taxonomy":"post_tag","embeddable":true,"href":"https:\/\/www.egemtv.com\/index.php?rest_route=%2Fwp%2Fv2%2Ftags&post=27218"}],"curies":[{"name":"wp","href":"https:\/\/api.w.org\/{rel}","templated":true}]}}