{"id":27215,"date":"2025-05-08T18:55:52","date_gmt":"2025-05-08T15:55:52","guid":{"rendered":"https:\/\/www.egemtv.com\/?p=27215"},"modified":"2025-05-08T18:55:57","modified_gmt":"2025-05-08T15:55:57","slug":"cumhur-ittifakindan-belediye-baskani-isika-satis-tepkisi","status":"publish","type":"post","link":"https:\/\/www.egemtv.com\/?p=27215","title":{"rendered":"Cumhur \u0130ttifak\u0131\u2019ndan Belediye Ba\u015fkan\u0131 I\u015f\u0131k\u2019a sat\u0131\u015f tepkisi"},"content":{"rendered":"<p>Gaziemir Cumhur \u0130ttifak\u0131 il\u00e7e ba\u015fkanlar\u0131, \u0130zmir B\u00fcy\u00fck\u015fehir Belediyesi ve Gaziemir Belediyesi i\u015f birli\u011fiyle hayata ge\u00e7irilmesi planlanan &#8220;100. Y\u0131l Sanat Merkezi&#8221; projesinin iptal edilmesine sert tepki g\u00f6sterdi. AK Parti Gaziemir \u0130l\u00e7e Ba\u015fkan\u0131 \u0130smail Ya\u015fad\u0131, &#8220;\u0130ki y\u0131l \u00f6nce b\u00fcy\u00fck vaatlerle ba\u015flat\u0131lan i\u015f birli\u011fi, bug\u00fcn ibretlik bir fiyaskoya d\u00f6n\u00fc\u015fm\u00fc\u015ft\u00fcr. \u00d6nce 27 bin metrekarelik bir alan\u0131 verdik, \u015fimdi onun kar\u015f\u0131l\u0131\u011f\u0131nda al\u0131nan 3 bin 500 metrekarelik arsay\u0131 tekrar veriyoruz. \u00dcstelik yok pahas\u0131na. Bu bir sat\u0131\u015f de\u011fildir. Bu bir teslimiyettir, bir pe\u015fke\u015ftir&#8221; dedi.<br \/>\n<br \/>\u0130zmir B\u00fcy\u00fck\u015fehir Belediyesi ve Gaziemir Belediyesi i\u015f birli\u011fiyle hayata ge\u00e7irilmesi planlanan &#8220;100. Y\u0131l Sanat Merkezi&#8221; projesi iptal edildi. Bu projenin B\u00fcy\u00fck\u015fehir belediyesi taraf\u0131ndan iptal edilerek de\u011ferinin yar\u0131 fiyat\u0131na sat\u0131lmas\u0131na tepki g\u00f6steren AK Parti Gaziemir \u0130l\u00e7e Ba\u015fkan\u0131 \u0130smail Ya\u015fad\u0131, MHP Gaziemir \u0130l\u00e7e Ba\u015fkan\u0131 K\u00f6ksal Ko\u00e7, AK Parti Grup Ba\u015fakanvekili H\u00fcseyin Aslan, MHP Grup Ba\u015fkanvekili Selahattin \u015eahin, AK Parti MHP Meclis \u00dcyeleri At\u0131fbey Mahallesi\u2019nde eski Tansa\u015f olarak bilinen arsa \u00fczerinde bir araya geldi.<br \/>\n<br \/>Aradan ge\u00e7en iki y\u0131lda projeye tek bir \u00e7ivi bile \u00e7ak\u0131lmad\u0131\u011f\u0131n\u0131 s\u00f6yleyen AK Parti Geziemir \u0130l\u00e7e Ba\u015fkan\u0131 \u0130smail Ya\u015fad\u0131, &#8220;Gaziemir Belediyesi ile \u0130zmir B\u00fcy\u00fck\u015fehir Belediyesi aras\u0131nda iki y\u0131l \u00f6nce b\u00fcy\u00fck vaatlerle ba\u015flat\u0131lan i\u015f birli\u011fi, bug\u00fcn ibretlik bir fiyaskoya d\u00f6n\u00fc\u015fm\u00fc\u015ft\u00fcr. Kamuoyuna \u2019Cumhuriyet\u2019in 100. y\u0131l\u0131na arma\u011fan\u2019 olarak sunulan, At\u0131fbey Mahallesi 2049 ada 1 parseldeki 3 bin 500 metrekarelik alana yap\u0131lacak Sanat Merkezi projesi tamamen rafa kald\u0131r\u0131lm\u0131\u015ft\u0131r. Ne sanat merkezi var, ne gen\u00e7lik merkezi, ne de verilen s\u00f6zlerin bir k\u0131ymeti kalm\u0131\u015ft\u0131r. S\u00f6zde yat\u0131r\u0131m, s\u00f6zde proje; ger\u00e7ekte ise halk\u0131 kand\u0131rman\u0131n, g\u00f6z boyaman\u0131n bir ba\u015fka \u00f6rne\u011fiyle kar\u015f\u0131 kar\u015f\u0131yay\u0131z. Bu projeye kar\u015f\u0131l\u0131k Gaziemir Belediyesi, Buca\u2019daki 27 bin metrekarelik son derece de\u011ferli bir alan\u0131 \u0130zmir B\u00fcy\u00fck\u015fehir Belediyesi\u2019ne devretti. B\u00fcy\u00fck\u015fehir Belediyesi, \u015fimdi projeyi maliyetleri bahane ederek iptal etti. Ama as\u0131l skandal bundan sonra ba\u015fl\u0131yor: Sanat merkezi yap\u0131lamad\u0131\u011f\u0131 gibi, bu alan \u015fimdi Gaziemir Belediyesi taraf\u0131ndan B\u00fcy\u00fck\u015fehir\u2019e de\u011ferinin yar\u0131s\u0131na sat\u0131lmak isteniyor! Yani \u00f6nce 27 bin metrekarelik bir alan\u0131 verdik, \u015fimdi onun kar\u015f\u0131l\u0131\u011f\u0131nda al\u0131nan 3 bin 500 metrekarelik arsay\u0131 tekrar veriyoruz. \u00dcstelik para kar\u015f\u0131l\u0131\u011f\u0131nda ve yok pahas\u0131na&#8221; ifadeleri kulland\u0131.<\/p>\n<p>&#8220;Gaziemir\u2019in hakk\u0131na, halk\u0131n mal\u0131na sahip \u00e7\u0131kamayan bir anlay\u0131\u015f\u0131n bu il\u00e7eye kazand\u0131racak hi\u00e7bir \u015feyi yoktur&#8221;<br \/>\n<br \/>Sat\u0131\u015f\u0131n durdurulmas\u0131n\u0131 talep edeceklerini belirten Ba\u015fkan Ya\u015fad\u0131, Belediye Ba\u015fkan\u0131 \u00dcnal\u2019\u0131n Meclis \u00dcyesi oldu\u011fu d\u00f6nemde Sanat Merkezi yap\u0131laca\u011f\u0131 s\u00f6zlerine \u015fahit oldu\u011funu hat\u0131rlatarak, &#8220;Bu bir sat\u0131\u015f de\u011fildir. Bu bir teslimiyettir, bir pe\u015fke\u015ftir. Burada dikkat \u00e7ekilmesi gereken bir di\u011fer husus da, bug\u00fcn Gaziemir Belediye Ba\u015fkan\u0131 olan \u00dcnal I\u015f\u0131k\u2019\u0131n bu s\u00fcrecin tam merkezinde yer almas\u0131d\u0131r. Ge\u00e7mi\u015f d\u00f6nemde meclis \u00fcyesi olan Say\u0131n I\u015f\u0131k, Buca\u2019daki alan\u0131n devrine de, sanat merkezi yap\u0131lmak \u00fczere verilen s\u00f6zlere de birebir \u015fahit olmu\u015f, bu kararlara sessiz kalm\u0131\u015ft\u0131r. Bug\u00fcn ise ba\u015fkanl\u0131k koltu\u011funda oturmas\u0131na ra\u011fmen, Gaziemir\u2019in mal\u0131n\u0131n g\u00f6z g\u00f6re g\u00f6re elden gitmesine sessiz kalmakta, hatta bu kayba ortak olmaktad\u0131r. Gaziemir\u2019in hakk\u0131na, halk\u0131n mal\u0131na sahip \u00e7\u0131kamayan bir anlay\u0131\u015f\u0131n bu il\u00e7eye kazand\u0131racak hi\u00e7bir \u015feyi yoktur! CHP\u2019li belediyecilik bir kez daha iflas etmi\u015ftir. S\u00fcsl\u00fc tabelalarla, g\u00f6z boyayan vaatlerle halk\u0131n oyunu al\u0131p, sonra her projeyi bir bahaneyle iptal eden bu anlay\u0131\u015f, art\u0131k sadece beceriksiz de\u011fil; kamu zarar\u0131 \u00fcreten, halk\u0131n mal\u0131n\u0131 de\u011fersizle\u015ftiren bir anlay\u0131\u015f h\u00e2line gelmi\u015ftir. Biz AK Parti Gaziemir \u0130l\u00e7e Te\u015fkilat\u0131 olarak bu sat\u0131\u015f\u0131n derh\u00e2l durdurulmas\u0131n\u0131, Gaziemir\u2019in hakk\u0131n\u0131n geri al\u0131nmas\u0131n\u0131 talep ediyoruz. Bu i\u015fin pe\u015fini b\u0131rakmayaca\u011f\u0131z. Bu milletin mal\u0131 kimsenin elinde oyuncak de\u011fildir&#8221; diye konu\u015ftu.<\/p>\n<p>&#8220;Bu pe\u015fke\u015f derhal durdurulmal\u0131&#8221;<br \/>\n<br \/>MHP Gaziemir \u0130l\u00e7e Ba\u015fkan\u0131 K\u00f6ksal Ko\u00e7 ise, &#8220;Gaziemir\u2019in mal\u0131, Gaziemir halk\u0131n\u0131nd\u0131r! Bu ger\u00e7e\u011fi unutmaya \u00e7al\u0131\u015fanlara, halk\u0131n al\u0131n teriyle olu\u015fmu\u015f de\u011ferlerini yok pahas\u0131na devretmek isteyenlere kar\u015f\u0131 Milliyet\u00e7i Hareket Partisi olarak a\u00e7\u0131k ve kararl\u0131 bir duru\u015f sergiliyoruz. Gaziemir Belediyesi, iki y\u0131l \u00f6nce Buca\u2019daki 27 bin metrekarelik son derece k\u0131ymetli bir arsay\u0131, Gaziemir\u2019e sanat ve gen\u00e7lik merkezi yap\u0131lmas\u0131 \u015fart\u0131yla \u0130zmir B\u00fcy\u00fck\u015fehir Belediyesi\u2019ne devretmi\u015fti. O g\u00fcn, bu proje &#8220;Cumhuriyet\u2019in 100. y\u0131l\u0131na yak\u0131\u015f\u0131r bir eser&#8221; olarak duyurulmu\u015f, kamuoyuna b\u00fcy\u00fck s\u00f6zler verilmi\u015fti. Ancak gelin g\u00f6r\u00fcn ki aradan ge\u00e7en iki y\u0131lda ne gen\u00e7lik merkezi yap\u0131ld\u0131, ne de sanat merkezinin temeli at\u0131ld\u0131. Arsan\u0131n etraf\u0131 \u00e7evrilmi\u015f, \u00f6ylece terk edilmi\u015f durumda. Bug\u00fcn geldi\u011fimiz noktada ise, projenin &#8220;maliyetler artt\u0131&#8221; bahanesiyle iptal edildi\u011fini, yerine ise bu k\u0131ymetli arazinin \u0130zmir B\u00fcy\u00fck\u015fehir Belediyesi\u2019ne de\u011ferinin yar\u0131s\u0131na sat\u0131lmak istendi\u011fini \u00f6\u011frenmi\u015f bulunuyoruz. Bu kabul edilemez. Bu bir sat\u0131\u015f de\u011fil a\u00e7\u0131k bir pe\u015fke\u015ftir. Halk\u0131n mal\u0131n\u0131 yok sayan bu anlay\u0131\u015fa, kamu vicdan\u0131n\u0131 hi\u00e7e sayan bu tutuma sessiz kalmayaca\u011f\u0131z. Milliyet\u00e7i Hareket Partisi Gaziemir \u0130l\u00e7e Ba\u015fkanl\u0131\u011f\u0131 olarak bu sat\u0131\u015f\u0131n kar\u015f\u0131s\u0131nday\u0131z. Bu pe\u015fke\u015f derh\u00e2l durdurulmal\u0131, Gaziemir halk\u0131n\u0131n hakk\u0131 Gaziemir\u2019e iade edilmelidir. Konunun takip\u00e7isi olaca\u011f\u0131z, kamuoyunu bilgilendirmeye ve halk\u0131n mal\u0131na sahip \u00e7\u0131kmaya devam edece\u011fiz. Gaziemir sahipsiz de\u011fildir&#8221; dedi.<br \/><\/p>\n","protected":false},"excerpt":{"rendered":"<p>Gaziemir Cumhur \u0130ttifak\u0131 il\u00e7e ba\u015fkanlar\u0131, \u0130zmir B\u00fcy\u00fck\u015fehir Belediyesi ve Gaziemir Belediyesi i\u015f birli\u011fiyle hayata ge\u00e7irilmesi planlanan &#8220;100. Y\u0131l Sanat Merkezi&#8221; projesinin iptal edilmesine sert tepki g\u00f6sterdi. AK Parti Gaziemir \u0130l\u00e7e Ba\u015fkan\u0131 \u0130smail Ya\u015fad\u0131, &#8220;\u0130ki y\u0131l \u00f6nce b\u00fcy\u00fck vaatlerle ba\u015flat\u0131lan i\u015f birli\u011fi, bug\u00fcn ibretlik bir fiyaskoya d\u00f6n\u00fc\u015fm\u00fc\u015ft\u00fcr. \u00d6nce 27 bin metrekarelik bir alan\u0131 verdik, \u015fimdi onun&#8230;<\/p>\n","protected":false},"author":1,"featured_media":27216,"comment_status":"open","ping_status":"open","sticky":false,"template":"","format":"standard","meta":{"_crdt_document":"","footnotes":""},"categories":[1],"tags":[],"class_list":["post-27215","post","type-post","status-publish","format-standard","has-post-thumbnail","hentry","category-guncel"],"_links":{"self":[{"href":"https:\/\/www.egemtv.com\/index.php?rest_route=\/wp\/v2\/posts\/27215","targetHints":{"allow":["GET"]}}],"collection":[{"href":"https:\/\/www.egemtv.com\/index.php?rest_route=\/wp\/v2\/posts"}],"about":[{"href":"https:\/\/www.egemtv.com\/index.php?rest_route=\/wp\/v2\/types\/post"}],"author":[{"embeddable":true,"href":"https:\/\/www.egemtv.com\/index.php?rest_route=\/wp\/v2\/users\/1"}],"replies":[{"embeddable":true,"href":"https:\/\/www.egemtv.com\/index.php?rest_route=%2Fwp%2Fv2%2Fcomments&post=27215"}],"version-history":[{"count":1,"href":"https:\/\/www.egemtv.com\/index.php?rest_route=\/wp\/v2\/posts\/27215\/revisions"}],"predecessor-version":[{"id":27217,"href":"https:\/\/www.egemtv.com\/index.php?rest_route=\/wp\/v2\/posts\/27215\/revisions\/27217"}],"wp:featuredmedia":[{"embeddable":true,"href":"https:\/\/www.egemtv.com\/index.php?rest_route=\/wp\/v2\/media\/27216"}],"wp:attachment":[{"href":"https:\/\/www.egemtv.com\/index.php?rest_route=%2Fwp%2Fv2%2Fmedia&parent=27215"}],"wp:term":[{"taxonomy":"category","embeddable":true,"href":"https:\/\/www.egemtv.com\/index.php?rest_route=%2Fwp%2Fv2%2Fcategories&post=27215"},{"taxonomy":"post_tag","embeddable":true,"href":"https:\/\/www.egemtv.com\/index.php?rest_route=%2Fwp%2Fv2%2Ftags&post=27215"}],"curies":[{"name":"wp","href":"https:\/\/api.w.org\/{rel}","templated":true}]}}