{"id":27212,"date":"2025-05-08T18:38:13","date_gmt":"2025-05-08T15:38:13","guid":{"rendered":"https:\/\/www.egemtv.com\/?p=27212"},"modified":"2025-05-08T18:38:18","modified_gmt":"2025-05-08T15:38:18","slug":"baskan-dogan-ciftcilerimize-destek-topraklarimiza-bereket-olmaya-devam-ediyoruz","status":"publish","type":"post","link":"https:\/\/www.egemtv.com\/?p=27212","title":{"rendered":"Ba\u015fkan Do\u011fan, &#8220;&#8221;\u00c7ift\u00e7ilerimize destek, topraklar\u0131m\u0131za bereket olmaya devam ediyoruz&#8221;"},"content":{"rendered":"<p>Merkezefendi Belediyesi taraf\u0131ndan \u00fcreticilere destek vermek amac\u0131yla her y\u0131l oldu\u011fu gibi bu y\u0131lda fide da\u011f\u0131t\u0131m\u0131 ger\u00e7ekle\u015ftirdi. Ba\u015fkan Do\u011fan, &#8220;Bug\u00fcn \u00e7ift\u00e7ilerimize teslim etti\u011fimiz binlerce fide toprakla bulu\u015facak, yeti\u015fen sebzeler sofralar\u0131m\u0131za lezzet olacak&#8221; dedi.<\/p>\n<p>K\u0131rsal Kalk\u0131nma Eylem Plan\u0131 do\u011frultusunda Merkezefendi Belediyesi, binlerce fideyi \u00fcreticiler ile bulu\u015fturdu. \u00dcretimin artmas\u0131n\u0131 sa\u011flamak ad\u0131na yap\u0131lan bu destek do\u011frultusunda Merkezefendi\u2019de sebze ve meyve yeti\u015ftiricili\u011fi yapan \u00fcreticilere domates, biber, patl\u0131can ve salatal\u0131k fidesi da\u011f\u0131t\u0131m\u0131 yap\u0131ld\u0131. Da\u011f\u0131t\u0131mlar k\u00f6yden mahalle stat\u00fcs\u00fcne d\u00f6nen \u00dczerlik, Kumk\u0131s\u0131k, Ye\u015filyayla, \u00c7eltik\u00e7i, Alt\u0131ndere, Saliha\u011fa Mahalleleri ile belde stat\u00fcs\u00fcnden mahalle stat\u00fcs\u00fcne d\u00f6nen A\u015fa\u011f\u0131\u015faml\u0131, Ba\u015fkarc\u0131 ile hala az da olsa tar\u0131msal \u00fcretimin oldu\u011fu Bereketler, Halla\u00e7lar, Hisar, Kad\u0131lar ve Eskihisar mahallelerinde de destek sa\u011fland\u0131. Da\u011f\u0131t\u0131m \u00fcreticilerin kat\u0131l\u0131m\u0131yla Merkezefendi Belediye Ba\u015fkan\u0131 \u015eeniz Do\u011fan taraf\u0131ndan Eskihisar Mahallesi\u2019nde ger\u00e7ekle\u015ftirildi.<\/p>\n<p>&#8220;\u00c7ift\u00e7ilerimize destek, topraklar\u0131m\u0131za bereket olmaya devam ediyoruz&#8221;<br \/>\n<br \/>Tar\u0131m anlam\u0131nda Merkezefendili vatanda\u015flara bug\u00fcne kadar bir\u00e7ok destekte bulunduklar\u0131n\u0131 belirten Merkezefendi Belediye Ba\u015fkan\u0131 \u015eeniz Do\u011fan, &#8220;Merkezefendi Belediyesi K\u0131rsal Kalk\u0131nma Eylem Plan\u0131\u2019m\u0131z dahilinde \u00e7ift\u00e7ilerimize destek, topraklar\u0131m\u0131za bereket olmaya devam ediyoruz. Bug\u00fcn \u00e7ift\u00e7ilerimize teslim etti\u011fimiz binlerce fide toprakla bulu\u015facak, yeti\u015fen sebzeler sofralar\u0131m\u0131za lezzet olacak. Tar\u0131mda siz de\u011ferli hem\u015fehrilerimize g\u00fcbre ve kad\u0131n \u00fcreticilerimize k\u00fc\u00e7\u00fckba\u015f hayvan desteklerimizi ger\u00e7ekle\u015ftirdik ve ger\u00e7ekle\u015ftirmeye de devam ediyoruz. Merkezefendili hem\u015fehrilerimizin ne kadar \u00fcretken ve \u00e7al\u0131\u015fkan olduklar\u0131n\u0131 biliyoruz. Biz istiyoruz ki Merkezefendimiz de hi\u00e7 bo\u015f alan kalmas\u0131n. Ekilsin, dikilsin, bi\u00e7ilsin, \u00fcretim olsun. Eskihisar Mahallemizde de hem\u015fehrilerimizin tar\u0131mda, \u00fcretimde ve hayvanc\u0131l\u0131kla u\u011fra\u015ft\u0131\u011f\u0131n\u0131 biliyor ve destekliyoruz. Bu anlamda da Merkezefendi Belediyesi olarak elimizden gelen deste\u011fi sa\u011flamaya devam edece\u011fiz&#8221; dedi.<br \/><\/p>\n","protected":false},"excerpt":{"rendered":"<p>Merkezefendi Belediyesi taraf\u0131ndan \u00fcreticilere destek vermek amac\u0131yla her y\u0131l oldu\u011fu gibi bu y\u0131lda fide da\u011f\u0131t\u0131m\u0131 ger\u00e7ekle\u015ftirdi. Ba\u015fkan Do\u011fan, &#8220;Bug\u00fcn \u00e7ift\u00e7ilerimize teslim etti\u011fimiz binlerce fide toprakla bulu\u015facak, yeti\u015fen sebzeler sofralar\u0131m\u0131za lezzet olacak&#8221; dedi. K\u0131rsal Kalk\u0131nma Eylem Plan\u0131 do\u011frultusunda Merkezefendi Belediyesi, binlerce fideyi \u00fcreticiler ile bulu\u015fturdu. \u00dcretimin artmas\u0131n\u0131 sa\u011flamak ad\u0131na yap\u0131lan bu destek do\u011frultusunda Merkezefendi\u2019de sebze ve&#8230;<\/p>\n","protected":false},"author":1,"featured_media":27213,"comment_status":"open","ping_status":"open","sticky":false,"template":"","format":"standard","meta":{"_crdt_document":"","footnotes":""},"categories":[125],"tags":[],"class_list":["post-27212","post","type-post","status-publish","format-standard","has-post-thumbnail","hentry","category-ekonomi"],"_links":{"self":[{"href":"https:\/\/www.egemtv.com\/index.php?rest_route=\/wp\/v2\/posts\/27212","targetHints":{"allow":["GET"]}}],"collection":[{"href":"https:\/\/www.egemtv.com\/index.php?rest_route=\/wp\/v2\/posts"}],"about":[{"href":"https:\/\/www.egemtv.com\/index.php?rest_route=\/wp\/v2\/types\/post"}],"author":[{"embeddable":true,"href":"https:\/\/www.egemtv.com\/index.php?rest_route=\/wp\/v2\/users\/1"}],"replies":[{"embeddable":true,"href":"https:\/\/www.egemtv.com\/index.php?rest_route=%2Fwp%2Fv2%2Fcomments&post=27212"}],"version-history":[{"count":1,"href":"https:\/\/www.egemtv.com\/index.php?rest_route=\/wp\/v2\/posts\/27212\/revisions"}],"predecessor-version":[{"id":27214,"href":"https:\/\/www.egemtv.com\/index.php?rest_route=\/wp\/v2\/posts\/27212\/revisions\/27214"}],"wp:featuredmedia":[{"embeddable":true,"href":"https:\/\/www.egemtv.com\/index.php?rest_route=\/wp\/v2\/media\/27213"}],"wp:attachment":[{"href":"https:\/\/www.egemtv.com\/index.php?rest_route=%2Fwp%2Fv2%2Fmedia&parent=27212"}],"wp:term":[{"taxonomy":"category","embeddable":true,"href":"https:\/\/www.egemtv.com\/index.php?rest_route=%2Fwp%2Fv2%2Fcategories&post=27212"},{"taxonomy":"post_tag","embeddable":true,"href":"https:\/\/www.egemtv.com\/index.php?rest_route=%2Fwp%2Fv2%2Ftags&post=27212"}],"curies":[{"name":"wp","href":"https:\/\/api.w.org\/{rel}","templated":true}]}}