{"id":27209,"date":"2025-05-08T18:38:07","date_gmt":"2025-05-08T15:38:07","guid":{"rendered":"https:\/\/www.egemtv.com\/?p=27209"},"modified":"2025-05-08T18:38:12","modified_gmt":"2025-05-08T15:38:12","slug":"manisada-kacakciliga-gecit-yok-uc-ayda-15-supheli-yakalandi","status":"publish","type":"post","link":"https:\/\/www.egemtv.com\/?p=27209","title":{"rendered":"Manisa\u2019da ka\u00e7ak\u00e7\u0131l\u0131\u011fa ge\u00e7it yok: \u00dc\u00e7 ayda 15 \u015f\u00fcpheli yakaland\u0131"},"content":{"rendered":"<p>Manisa\u2019n\u0131n Salihli il\u00e7esinde polis ekipleri taraf\u0131ndan d\u00fczenlenen 14 ayr\u0131 ka\u00e7ak\u00e7\u0131l\u0131k operasyonlar\u0131nda 15 \u015f\u00fcpheli yakalan\u0131rken, ka\u00e7ak sigaradan t\u00fct\u00fcne, ka\u00e7ak alkolden, cinsel i\u00e7erikli \u00fcr\u00fcne kadar, \u00e7ok say\u0131da \u00fcr\u00fcn ele ge\u00e7irildi.<br \/>\n<br \/>Salihli \u0130l\u00e7e Emniyet M\u00fcd\u00fcrl\u00fc\u011f\u00fc ekipleri, 3 ayda il\u00e7e genelinde ger\u00e7ekle\u015ftirdi\u011fi operasyonlarda ka\u00e7ak\u00e7\u0131lara g\u00f6z a\u00e7t\u0131rmad\u0131. Ka\u00e7ak\u00e7\u0131l\u0131k su\u00e7lar\u0131, mali su\u00e7lar ve organize su\u00e7 \u00f6rg\u00fctlerinin faaliyetlerini de\u015fifre etmek amac\u0131yla Salihli Cumhuriyet Ba\u015fsavc\u0131l\u0131\u011f\u0131 koordinesinde KOM ve Narkotik ekipleri taraf\u0131ndan d\u00fczenlenen 14 ayr\u0131 operasyonda 15 \u015f\u00fcpheli yakaland\u0131.<br \/>\n<br \/>Ger\u00e7ekle\u015ftirilen ka\u00e7ak\u00e7\u0131l\u0131k olaylar\u0131nda, 290 kilo k\u0131y\u0131lm\u0131\u015f t\u00fct\u00fcn, 5 milyon 789 bin 120 makaron, 21 elektronik sigara doldurma makinas\u0131 ve kompres\u00f6r\u00fc, 206 paket sigara, 9 bin 360 sigara ka\u011f\u0131d\u0131, 15 litre etil alkol, 55 adet alkol yap\u0131m\u0131nda kullan\u0131lan malzeme, 197 litre ev yap\u0131m\u0131 alkoll\u00fc i\u00e7ecek, 92 cinsel i\u00e7erikli \u00fcr\u00fcn, organize olaylarda ise 1 adet tabanca, 1 adet \u015farj\u00f6r ve 7 adet mermi ele ge\u00e7irildi.<br \/>\n<br \/>Salihli\u2019de ka\u00e7ak\u00e7\u0131l\u0131k, organize ve mali su\u00e7larla m\u00fccadele ederek, huzur ve g\u00fcvenli\u011fin sa\u011flanmas\u0131 i\u00e7in, su\u00e7 ve su\u00e7lularla etkin ve kararl\u0131 m\u00fccadelenin devam edece\u011fi vurguland\u0131.<br \/><\/p>\n","protected":false},"excerpt":{"rendered":"<p>Manisa\u2019n\u0131n Salihli il\u00e7esinde polis ekipleri taraf\u0131ndan d\u00fczenlenen 14 ayr\u0131 ka\u00e7ak\u00e7\u0131l\u0131k operasyonlar\u0131nda 15 \u015f\u00fcpheli yakalan\u0131rken, ka\u00e7ak sigaradan t\u00fct\u00fcne, ka\u00e7ak alkolden, cinsel i\u00e7erikli \u00fcr\u00fcne kadar, \u00e7ok say\u0131da \u00fcr\u00fcn ele ge\u00e7irildi. Salihli \u0130l\u00e7e Emniyet M\u00fcd\u00fcrl\u00fc\u011f\u00fc ekipleri, 3 ayda il\u00e7e genelinde ger\u00e7ekle\u015ftirdi\u011fi operasyonlarda ka\u00e7ak\u00e7\u0131lara g\u00f6z a\u00e7t\u0131rmad\u0131. Ka\u00e7ak\u00e7\u0131l\u0131k su\u00e7lar\u0131, mali su\u00e7lar ve organize su\u00e7 \u00f6rg\u00fctlerinin faaliyetlerini de\u015fifre etmek amac\u0131yla Salihli&#8230;<\/p>\n","protected":false},"author":1,"featured_media":27210,"comment_status":"open","ping_status":"open","sticky":false,"template":"","format":"standard","meta":{"_crdt_document":"","footnotes":""},"categories":[5],"tags":[],"class_list":["post-27209","post","type-post","status-publish","format-standard","has-post-thumbnail","hentry","category-asayis"],"_links":{"self":[{"href":"https:\/\/www.egemtv.com\/index.php?rest_route=\/wp\/v2\/posts\/27209","targetHints":{"allow":["GET"]}}],"collection":[{"href":"https:\/\/www.egemtv.com\/index.php?rest_route=\/wp\/v2\/posts"}],"about":[{"href":"https:\/\/www.egemtv.com\/index.php?rest_route=\/wp\/v2\/types\/post"}],"author":[{"embeddable":true,"href":"https:\/\/www.egemtv.com\/index.php?rest_route=\/wp\/v2\/users\/1"}],"replies":[{"embeddable":true,"href":"https:\/\/www.egemtv.com\/index.php?rest_route=%2Fwp%2Fv2%2Fcomments&post=27209"}],"version-history":[{"count":1,"href":"https:\/\/www.egemtv.com\/index.php?rest_route=\/wp\/v2\/posts\/27209\/revisions"}],"predecessor-version":[{"id":27211,"href":"https:\/\/www.egemtv.com\/index.php?rest_route=\/wp\/v2\/posts\/27209\/revisions\/27211"}],"wp:featuredmedia":[{"embeddable":true,"href":"https:\/\/www.egemtv.com\/index.php?rest_route=\/wp\/v2\/media\/27210"}],"wp:attachment":[{"href":"https:\/\/www.egemtv.com\/index.php?rest_route=%2Fwp%2Fv2%2Fmedia&parent=27209"}],"wp:term":[{"taxonomy":"category","embeddable":true,"href":"https:\/\/www.egemtv.com\/index.php?rest_route=%2Fwp%2Fv2%2Fcategories&post=27209"},{"taxonomy":"post_tag","embeddable":true,"href":"https:\/\/www.egemtv.com\/index.php?rest_route=%2Fwp%2Fv2%2Ftags&post=27209"}],"curies":[{"name":"wp","href":"https:\/\/api.w.org\/{rel}","templated":true}]}}