{"id":27206,"date":"2025-05-08T18:15:11","date_gmt":"2025-05-08T15:15:11","guid":{"rendered":"https:\/\/www.egemtv.com\/?p=27206"},"modified":"2025-05-08T18:15:13","modified_gmt":"2025-05-08T15:15:13","slug":"izmirde-bir-haftada-ikinci-eshot-yangini","status":"publish","type":"post","link":"https:\/\/www.egemtv.com\/?p=27206","title":{"rendered":"\u0130zmir\u2019de bir haftada ikinci ESHOT yang\u0131n\u0131"},"content":{"rendered":"<p>\u0130zmir\u2019in Bay\u0131nd\u0131r il\u00e7esinde toplu ula\u015f\u0131m arac\u0131 ESHOT, alevlere teslim oldu. Ge\u00e7ti\u011fimiz g\u00fcnlerde Bergama\u2019da da bir otob\u00fcs\u00fcn yand\u0131\u011f\u0131 \u00f6\u011frenilirken, bir hafta i\u00e7erisinde ikinci kez otob\u00fcs\u00fcn yanmas\u0131 dikkat \u00e7ekti.<br \/>\n<br \/>Sabah saatlerinde Bay\u0131nd\u0131r il\u00e7esi Yakap\u0131nar Mahallesi\u2019nde \u00e7\u0131kan yang\u0131nda, \u00d6demi\u015f Torbal\u0131 seferi yapan kentin toplu ula\u015f\u0131m arac\u0131 ESHOT otob\u00fcs\u00fc bir anda yanmaya ba\u015flad\u0131. Durumun bildirilmesi \u00fczerine b\u00f6lgeye itfaiye ekipleri sevk edildi. Yang\u0131n ekipler taraf\u0131ndan k\u0131sa s\u00fcrede s\u00f6nd\u00fcr\u00fcl\u00fcrken, meydana gelen olayda herhangi bir \u00f6len ya da yaralanan olmad\u0131.<\/p>\n<p>Bir haftada ikinci yang\u0131n<br \/>\n<br \/>\u00d6te yandan ge\u00e7ti\u011fimiz haftada Bergama\u2019da bir otob\u00fcs\u00fcn de alevlere teslim oldu\u011fu \u00f6\u011frenilirken, bir hafta i\u00e7erisinde ikinci kez ESHOT otob\u00fcs\u00fc yang\u0131n\u0131 olmas\u0131 dikkat \u00e7ekti.<br \/><\/p>\n","protected":false},"excerpt":{"rendered":"<p>\u0130zmir\u2019in Bay\u0131nd\u0131r il\u00e7esinde toplu ula\u015f\u0131m arac\u0131 ESHOT, alevlere teslim oldu. Ge\u00e7ti\u011fimiz g\u00fcnlerde Bergama\u2019da da bir otob\u00fcs\u00fcn yand\u0131\u011f\u0131 \u00f6\u011frenilirken, bir hafta i\u00e7erisinde ikinci kez otob\u00fcs\u00fcn yanmas\u0131 dikkat \u00e7ekti. Sabah saatlerinde Bay\u0131nd\u0131r il\u00e7esi Yakap\u0131nar Mahallesi\u2019nde \u00e7\u0131kan yang\u0131nda, \u00d6demi\u015f Torbal\u0131 seferi yapan kentin toplu ula\u015f\u0131m arac\u0131 ESHOT otob\u00fcs\u00fc bir anda yanmaya ba\u015flad\u0131. Durumun bildirilmesi \u00fczerine b\u00f6lgeye itfaiye ekipleri&#8230;<\/p>\n","protected":false},"author":1,"featured_media":27207,"comment_status":"open","ping_status":"open","sticky":false,"template":"","format":"standard","meta":{"_crdt_document":"","footnotes":""},"categories":[5],"tags":[],"class_list":["post-27206","post","type-post","status-publish","format-standard","has-post-thumbnail","hentry","category-asayis"],"_links":{"self":[{"href":"https:\/\/www.egemtv.com\/index.php?rest_route=\/wp\/v2\/posts\/27206","targetHints":{"allow":["GET"]}}],"collection":[{"href":"https:\/\/www.egemtv.com\/index.php?rest_route=\/wp\/v2\/posts"}],"about":[{"href":"https:\/\/www.egemtv.com\/index.php?rest_route=\/wp\/v2\/types\/post"}],"author":[{"embeddable":true,"href":"https:\/\/www.egemtv.com\/index.php?rest_route=\/wp\/v2\/users\/1"}],"replies":[{"embeddable":true,"href":"https:\/\/www.egemtv.com\/index.php?rest_route=%2Fwp%2Fv2%2Fcomments&post=27206"}],"version-history":[{"count":1,"href":"https:\/\/www.egemtv.com\/index.php?rest_route=\/wp\/v2\/posts\/27206\/revisions"}],"predecessor-version":[{"id":27208,"href":"https:\/\/www.egemtv.com\/index.php?rest_route=\/wp\/v2\/posts\/27206\/revisions\/27208"}],"wp:featuredmedia":[{"embeddable":true,"href":"https:\/\/www.egemtv.com\/index.php?rest_route=\/wp\/v2\/media\/27207"}],"wp:attachment":[{"href":"https:\/\/www.egemtv.com\/index.php?rest_route=%2Fwp%2Fv2%2Fmedia&parent=27206"}],"wp:term":[{"taxonomy":"category","embeddable":true,"href":"https:\/\/www.egemtv.com\/index.php?rest_route=%2Fwp%2Fv2%2Fcategories&post=27206"},{"taxonomy":"post_tag","embeddable":true,"href":"https:\/\/www.egemtv.com\/index.php?rest_route=%2Fwp%2Fv2%2Ftags&post=27206"}],"curies":[{"name":"wp","href":"https:\/\/api.w.org\/{rel}","templated":true}]}}