{"id":27203,"date":"2025-05-08T17:55:33","date_gmt":"2025-05-08T14:55:33","guid":{"rendered":"https:\/\/www.egemtv.com\/?p=27203"},"modified":"2025-05-08T17:55:39","modified_gmt":"2025-05-08T14:55:39","slug":"ravago-iscisi-taleplerimiz-net-greve-haziriz","status":"publish","type":"post","link":"https:\/\/www.egemtv.com\/?p=27203","title":{"rendered":"Ravago i\u015f\u00e7isi: &#8220;Taleplerimiz net, greve haz\u0131r\u0131z&#8221;"},"content":{"rendered":"<p>Ravago Petrokimya i\u015fyerinde, Ocak ay\u0131nda ba\u015flayan toplu i\u015f s\u00f6zle\u015fmesi g\u00f6r\u00fc\u015fmelerinin sekizinci oturumunda ilerleme sa\u011flanamamas\u0131 \u00fczerine i\u015f\u00e7iler eylem ba\u015flatt\u0131. \u0130\u015f\u00e7iler, g\u00fcnlerdir \u00e7e\u015fitli \u015fekillerde s\u00fcrd\u00fcrd\u00fckleri eylemlerine bug\u00fcn oturma eylemiyle devam etti.<br \/>\n<br \/>\u0130\u015f yeri temsilcileri Ak\u0131n Damar ve Mehmet Y\u0131ld\u0131z\u2019\u0131n y\u00f6netti\u011fi eylemde a\u00e7\u0131klamay\u0131 yapan Damar, i\u015fverenin &#8220;b\u00fct\u00e7e yok&#8221; ve &#8220;Bel\u00e7ika y\u00f6netimini ikna edemiyoruz&#8221; y\u00f6n\u00fcndeki ifadelerine tepki g\u00f6sterdi. Damar, &#8220;Madem siz anlatam\u0131yorsunuz, biz anlatal\u0131m. Bu sorumlulu\u011fu \u00fczerinizden alal\u0131m&#8221; dedi. \u015eirketin pandemi ve deprem s\u00fcre\u00e7lerinde \u00fcretim rekorlar\u0131 k\u0131rd\u0131\u011f\u0131n\u0131 hat\u0131rlatan Damar, &#8220;Zarar ediyoruz diyerek faturay\u0131 i\u015f\u00e7iye kesemezsiniz&#8221; diye konu\u015ftu.<\/p>\n<p>\u0130\u015f g\u00fcvenli\u011fi hat\u0131rlatmas\u0131: &#8220;Can\u0131m\u0131z pahas\u0131na \u00e7al\u0131\u015f\u0131yoruz&#8221;<br \/>\n<br \/>Petrokimya tesisinin \u00e7ok tehlikeli i\u015f s\u0131n\u0131f\u0131nda oldu\u011funu hat\u0131rlatan Damar, 8 ay \u00f6nce ya\u015fanan elektrik kesintisi olay\u0131n\u0131 \u00f6rnek vererek, &#8220;T\u00fcm \u00fcniteler, kimyasal buhar ve ta\u015fan reakt\u00f6rler aras\u0131nda m\u00fccadele etti. Bu g\u00f6rmezden gelinemez&#8221; dedi.<\/p>\n<p>&#8220;Ya anla\u015f\u0131l\u0131r, ya da grevle kar\u015f\u0131la\u015f\u0131rs\u0131n\u0131z&#8221;<br \/>\n<br \/>\u0130\u015f yeri temsilcisi Ak\u0131n Damar, &#8220;Taleplerimiz net ve sonuna kadar arkas\u0131nday\u0131z. Ravago i\u015f\u00e7isi kararl\u0131, Ravago i\u015f\u00e7isi haz\u0131r! Ya taleplerimize kulak verirsiniz ya da anayasal hakk\u0131m\u0131z olan grevle g\u00f6rkemli bir direni\u015fe \u015fahit olursunuz&#8221; ifadelerini kulland\u0131.<br \/>\n<br \/>Eylem, a\u00e7\u0131klaman\u0131n ard\u0131ndan sloganlarla devam etti.<br \/><\/p>\n","protected":false},"excerpt":{"rendered":"<p>Ravago Petrokimya i\u015fyerinde, Ocak ay\u0131nda ba\u015flayan toplu i\u015f s\u00f6zle\u015fmesi g\u00f6r\u00fc\u015fmelerinin sekizinci oturumunda ilerleme sa\u011flanamamas\u0131 \u00fczerine i\u015f\u00e7iler eylem ba\u015flatt\u0131. \u0130\u015f\u00e7iler, g\u00fcnlerdir \u00e7e\u015fitli \u015fekillerde s\u00fcrd\u00fcrd\u00fckleri eylemlerine bug\u00fcn oturma eylemiyle devam etti. \u0130\u015f yeri temsilcileri Ak\u0131n Damar ve Mehmet Y\u0131ld\u0131z\u2019\u0131n y\u00f6netti\u011fi eylemde a\u00e7\u0131klamay\u0131 yapan Damar, i\u015fverenin &#8220;b\u00fct\u00e7e yok&#8221; ve &#8220;Bel\u00e7ika y\u00f6netimini ikna edemiyoruz&#8221; y\u00f6n\u00fcndeki ifadelerine tepki g\u00f6sterdi. Damar,&#8230;<\/p>\n","protected":false},"author":1,"featured_media":27204,"comment_status":"open","ping_status":"open","sticky":false,"template":"","format":"standard","meta":{"_crdt_document":"","footnotes":""},"categories":[1],"tags":[],"class_list":["post-27203","post","type-post","status-publish","format-standard","has-post-thumbnail","hentry","category-guncel"],"_links":{"self":[{"href":"https:\/\/www.egemtv.com\/index.php?rest_route=\/wp\/v2\/posts\/27203","targetHints":{"allow":["GET"]}}],"collection":[{"href":"https:\/\/www.egemtv.com\/index.php?rest_route=\/wp\/v2\/posts"}],"about":[{"href":"https:\/\/www.egemtv.com\/index.php?rest_route=\/wp\/v2\/types\/post"}],"author":[{"embeddable":true,"href":"https:\/\/www.egemtv.com\/index.php?rest_route=\/wp\/v2\/users\/1"}],"replies":[{"embeddable":true,"href":"https:\/\/www.egemtv.com\/index.php?rest_route=%2Fwp%2Fv2%2Fcomments&post=27203"}],"version-history":[{"count":1,"href":"https:\/\/www.egemtv.com\/index.php?rest_route=\/wp\/v2\/posts\/27203\/revisions"}],"predecessor-version":[{"id":27205,"href":"https:\/\/www.egemtv.com\/index.php?rest_route=\/wp\/v2\/posts\/27203\/revisions\/27205"}],"wp:featuredmedia":[{"embeddable":true,"href":"https:\/\/www.egemtv.com\/index.php?rest_route=\/wp\/v2\/media\/27204"}],"wp:attachment":[{"href":"https:\/\/www.egemtv.com\/index.php?rest_route=%2Fwp%2Fv2%2Fmedia&parent=27203"}],"wp:term":[{"taxonomy":"category","embeddable":true,"href":"https:\/\/www.egemtv.com\/index.php?rest_route=%2Fwp%2Fv2%2Fcategories&post=27203"},{"taxonomy":"post_tag","embeddable":true,"href":"https:\/\/www.egemtv.com\/index.php?rest_route=%2Fwp%2Fv2%2Ftags&post=27203"}],"curies":[{"name":"wp","href":"https:\/\/api.w.org\/{rel}","templated":true}]}}