{"id":27200,"date":"2025-05-08T17:44:33","date_gmt":"2025-05-08T14:44:33","guid":{"rendered":"https:\/\/www.egemtv.com\/?p=27200"},"modified":"2025-05-08T17:44:39","modified_gmt":"2025-05-08T14:44:39","slug":"manisada-33-okulun-ogrencileri-cocuk-senligi-ve-piknikte-bulustu","status":"publish","type":"post","link":"https:\/\/www.egemtv.com\/?p=27200","title":{"rendered":"Manisa\u2019da 33 okulun \u00f6\u011frencileri \u00c7ocuk \u015eenli\u011fi ve piknikte bulu\u015ftu"},"content":{"rendered":"<p>Manisa\u2019n\u0131n Yunusemre il\u00e7esinde, \u015eehzadeler ve Yunusemre il\u00e7elerinden toplam 33 ilkokuldan  yakla\u015f\u0131k 500 \u00f6\u011frencinin kat\u0131l\u0131m\u0131yla &#8220;\u00c7ocuk \u015eenli\u011fi ve Piknik Etkinli\u011fi&#8221; ger\u00e7ekle\u015ftirildi.<br \/>\n<br \/>23 Nisan Ulusal Egemenlik ve \u00c7ocuk Bayram\u0131 etkinli\u011fi kapsam\u0131nda Manisa \u0130l Milli E\u011fitim M\u00fcd\u00fcrl\u00fc\u011f\u00fc taraf\u0131ndan planlanan &#8220;\u00c7ocuk \u015eenli\u011fi ve Piknik Etkinli\u011fi Yunusemre il\u00e7esi Yunusemre Anadolu \u0130mam Hatip Lisesi kar\u015f\u0131s\u0131nda yer alan a\u011fa\u00e7l\u0131k alanda yap\u0131ld\u0131.<br \/>\n<br \/>Etkinlik, Manisa \u0130l Milli E\u011fitim M\u00fcd\u00fcr\u00fc Mehmet U\u011furelli, \u015eehzadeler \u0130l\u00e7e Milli E\u011fitim M\u00fcd\u00fcr\u00fc Metin Gencay, \u0130l Milli E\u011fitim \u015eube M\u00fcd\u00fcr\u00fc Erdin\u00e7 Balc\u0131, Yunusemre \u0130l\u00e7e Milli E\u011fitim \u015eube M\u00fcd\u00fcr\u00fc Zeynel Mutlu ile Yunusemre il\u00e7esinden 21 ve \u015eehzadeler \u0130l\u00e7esindeki 12 ayr\u0131 ilkokuldan gelen yakla\u015f\u0131k 500 \u00f6\u011frenci, veliler ile okullar\u0131n \u00f6\u011fretmen ve idarecilerinin kat\u0131l\u0131m\u0131yla ger\u00e7ekle\u015ftirildi.<br \/>\n<br \/>Piknik havas\u0131nda ger\u00e7ekle\u015ftirilen etkinlikte \u00f6\u011fretmen ve \u00f6\u011frenciler, beraberlerinde getirdikleri has\u0131r, kilim, minderleri yerlere yayarak \u00f6nce sabah kahvalt\u0131s\u0131 yapt\u0131.<br \/>\n<br \/>Etkinlikte konu\u015fan Manisa \u0130l Milli E\u011fitim M\u00fcd\u00fcr\u00fc Mehmet U\u011furelli, &#8220;23 Nisan Ulusal Egemenlik ve \u00c7ocuk Bayram\u0131 kutlama programlar\u0131m\u0131z \u00e7er\u00e7evesinde 105\u2019inci y\u0131l\u0131 \u00e7ocuklar\u0131m\u0131zla nas\u0131l daha farkl\u0131 kutlar\u0131z diye d\u00fc\u015f\u00fcn\u00fcrken \u015fenlik d\u00fczenleyelim fikri \u00e7\u0131kt\u0131. \u015eehrimizin g\u00fczel bir mahallesindeki ye\u015fillik alanda a\u011fa\u00e7lar\u0131n aras\u0131nda \u00e7ocuk oyunlar\u0131yla piknik yaparak, e\u011flenerek yar\u0131\u015fmalar d\u00fczenleyip, \u00e7ocuklar\u0131m\u0131zla beraber ko\u015fup oynayarak bu bayram\u0131 kutlamak istedik. Ulusal egemenlik olmazsa olmaz\u0131m\u0131z ve ulusal egemenli\u011fin \u00e7ocuklar\u0131m\u0131za emanet edilmi\u015f olmas\u0131 da gelece\u011fe g\u00fcvenle bakmam\u0131z\u0131 sa\u011flayan unsurlardan bir tanesi.&#8221; diye konu\u015ftu.<br \/>\n<br \/>Etkinlik kapsam\u0131nda oyun \u00fcniteleriyle yakla\u015f\u0131k 500 \u00f6\u011frencinin kat\u0131l\u0131m\u0131yla \u00e7e\u015fitli yar\u0131\u015fmalar\u0131n d\u00fczenlendi\u011fini ifade eden \u0130l M\u00fcd\u00fcr\u00fc U\u011fureli, &#8220;Yar\u0131\u015fmalar kazanmak i\u00e7in de\u011fil keyif almak ve mutlu vakit ge\u00e7irmek i\u00e7in olacak. \u00d6\u011fretmenlerimiz \u00e7ocuklar\u0131m\u0131zla beraber yine e\u011flenecekler, mutlu olacaklar. Biz de onlara e\u015flik etmeye \u00e7al\u0131\u015faca\u011f\u0131z. Bir tarafta pamuklu \u015feker ikram\u0131, bir tarafta mesir macunu yap\u0131m\u0131, bir taraftan K\u0131z\u0131lay\u2019\u0131n \u00e7ocuklar\u0131m\u0131za ikramlar\u0131 da olacak. \u00d6\u011frencilerimiz, ip \u00e7ekme ve \u00e7uval yar\u0131\u015f\u0131ndan, balon patlatmaya kadar \u00e7e\u015fitli e\u011flenceli oyunlar ile ho\u015f\u00e7a vakit ge\u00e7irecekler. \u00c7ocuklar\u0131m\u0131z\u0131 bug\u00fcn e\u011flendirmek i\u00e7in elimizden geleni yapaca\u011f\u0131z. Eme\u011fi ge\u00e7en b\u00fct\u00fcn arkada\u015flar\u0131ma sonsuz te\u015fekk\u00fcrlerimi sunuyorum.&#8221; diye konu\u015ftu.<br \/>\n<br \/>Yap\u0131lan konu\u015fman\u0131n ard\u0131ndan ill\u00fczyon g\u00f6sterisi ger\u00e7ekle\u015ftirildi, beden e\u011fitimi \u00f6\u011fretmenleri e\u015fli\u011finde olu\u015fturulan alanda \u00e7e\u015fitli oyunlar oynayan ilkokul \u00f6\u011frencileri ho\u015f\u00e7a vakit ge\u00e7irdi.<br \/><\/p>\n","protected":false},"excerpt":{"rendered":"<p>Manisa\u2019n\u0131n Yunusemre il\u00e7esinde, \u015eehzadeler ve Yunusemre il\u00e7elerinden toplam 33 ilkokuldan yakla\u015f\u0131k 500 \u00f6\u011frencinin kat\u0131l\u0131m\u0131yla &#8220;\u00c7ocuk \u015eenli\u011fi ve Piknik Etkinli\u011fi&#8221; ger\u00e7ekle\u015ftirildi. 23 Nisan Ulusal Egemenlik ve \u00c7ocuk Bayram\u0131 etkinli\u011fi kapsam\u0131nda Manisa \u0130l Milli E\u011fitim M\u00fcd\u00fcrl\u00fc\u011f\u00fc taraf\u0131ndan planlanan &#8220;\u00c7ocuk \u015eenli\u011fi ve Piknik Etkinli\u011fi Yunusemre il\u00e7esi Yunusemre Anadolu \u0130mam Hatip Lisesi kar\u015f\u0131s\u0131nda yer alan a\u011fa\u00e7l\u0131k alanda yap\u0131ld\u0131. Etkinlik,&#8230;<\/p>\n","protected":false},"author":1,"featured_media":27201,"comment_status":"open","ping_status":"open","sticky":false,"template":"","format":"standard","meta":{"_crdt_document":"","footnotes":""},"categories":[1],"tags":[],"class_list":["post-27200","post","type-post","status-publish","format-standard","has-post-thumbnail","hentry","category-guncel"],"_links":{"self":[{"href":"https:\/\/www.egemtv.com\/index.php?rest_route=\/wp\/v2\/posts\/27200","targetHints":{"allow":["GET"]}}],"collection":[{"href":"https:\/\/www.egemtv.com\/index.php?rest_route=\/wp\/v2\/posts"}],"about":[{"href":"https:\/\/www.egemtv.com\/index.php?rest_route=\/wp\/v2\/types\/post"}],"author":[{"embeddable":true,"href":"https:\/\/www.egemtv.com\/index.php?rest_route=\/wp\/v2\/users\/1"}],"replies":[{"embeddable":true,"href":"https:\/\/www.egemtv.com\/index.php?rest_route=%2Fwp%2Fv2%2Fcomments&post=27200"}],"version-history":[{"count":1,"href":"https:\/\/www.egemtv.com\/index.php?rest_route=\/wp\/v2\/posts\/27200\/revisions"}],"predecessor-version":[{"id":27202,"href":"https:\/\/www.egemtv.com\/index.php?rest_route=\/wp\/v2\/posts\/27200\/revisions\/27202"}],"wp:featuredmedia":[{"embeddable":true,"href":"https:\/\/www.egemtv.com\/index.php?rest_route=\/wp\/v2\/media\/27201"}],"wp:attachment":[{"href":"https:\/\/www.egemtv.com\/index.php?rest_route=%2Fwp%2Fv2%2Fmedia&parent=27200"}],"wp:term":[{"taxonomy":"category","embeddable":true,"href":"https:\/\/www.egemtv.com\/index.php?rest_route=%2Fwp%2Fv2%2Fcategories&post=27200"},{"taxonomy":"post_tag","embeddable":true,"href":"https:\/\/www.egemtv.com\/index.php?rest_route=%2Fwp%2Fv2%2Ftags&post=27200"}],"curies":[{"name":"wp","href":"https:\/\/api.w.org\/{rel}","templated":true}]}}