{"id":27197,"date":"2025-05-08T17:16:54","date_gmt":"2025-05-08T14:16:54","guid":{"rendered":"https:\/\/www.egemtv.com\/?p=27197"},"modified":"2025-05-08T17:16:57","modified_gmt":"2025-05-08T14:16:57","slug":"cesme-aciklarinda-lastik-bottaki-24-gocmen-sahil-guvenlik-ekiplerince-kurtarildi","status":"publish","type":"post","link":"https:\/\/www.egemtv.com\/?p=27197","title":{"rendered":"\u00c7e\u015fme a\u00e7\u0131klar\u0131nda lastik bottaki 24 g\u00f6\u00e7men Sahil G\u00fcvenlik ekiplerince kurtar\u0131ld\u0131"},"content":{"rendered":"<p>\u0130zmir\u2019in \u00c7e\u015fme il\u00e7esi a\u00e7\u0131klar\u0131nda Yunanistan unsurlar\u0131nca T\u00fcrk karasular\u0131na geri itilen lastik bottaki 24 g\u00f6\u00e7men, Sahil G\u00fcvenlik ekiplerince kurtar\u0131ld\u0131.<br \/>\n<br \/>Sahil G\u00fcvenlik Komutanl\u0131\u011f\u0131 ekipleri, d\u00fcn saat 08.55\u2019te \u00c7e\u015fme il\u00e7esi a\u00e7\u0131klar\u0131nda lastik bot i\u00e7erisinde bir grup d\u00fczensiz g\u00f6\u00e7men oldu\u011fu bilgisi \u00fczerine harekete ge\u00e7ti. Yunanistan unsurlar\u0131nca T\u00fcrk karasular\u0131na geri itildi\u011fi belirlenen lastik bottaki 24 d\u00fczensiz g\u00f6\u00e7men, g\u00f6revlendirilen Sahil G\u00fcvenlik botlar\u0131 TCSG-4 ve KB-38 taraf\u0131ndan kurtar\u0131ld\u0131. Yemen, Angola, Irak, Kongo ve Kamerun uyruklu oldu\u011fu tespit edilen g\u00f6\u00e7menler, sa\u011fl\u0131k kontrolleri ve i\u015flemlerinin ard\u0131ndan \u0130l G\u00f6\u00e7 \u0130daresi M\u00fcd\u00fcrl\u00fc\u011f\u00fc Geri G\u00f6nderme Merkezine sevk edildi.<br \/><\/p>\n","protected":false},"excerpt":{"rendered":"<p>\u0130zmir\u2019in \u00c7e\u015fme il\u00e7esi a\u00e7\u0131klar\u0131nda Yunanistan unsurlar\u0131nca T\u00fcrk karasular\u0131na geri itilen lastik bottaki 24 g\u00f6\u00e7men, Sahil G\u00fcvenlik ekiplerince kurtar\u0131ld\u0131. Sahil G\u00fcvenlik Komutanl\u0131\u011f\u0131 ekipleri, d\u00fcn saat 08.55\u2019te \u00c7e\u015fme il\u00e7esi a\u00e7\u0131klar\u0131nda lastik bot i\u00e7erisinde bir grup d\u00fczensiz g\u00f6\u00e7men oldu\u011fu bilgisi \u00fczerine harekete ge\u00e7ti. Yunanistan unsurlar\u0131nca T\u00fcrk karasular\u0131na geri itildi\u011fi belirlenen lastik bottaki 24 d\u00fczensiz g\u00f6\u00e7men, g\u00f6revlendirilen Sahil G\u00fcvenlik&#8230;<\/p>\n","protected":false},"author":1,"featured_media":27198,"comment_status":"open","ping_status":"open","sticky":false,"template":"","format":"standard","meta":{"_crdt_document":"","footnotes":""},"categories":[5],"tags":[],"class_list":["post-27197","post","type-post","status-publish","format-standard","has-post-thumbnail","hentry","category-asayis"],"_links":{"self":[{"href":"https:\/\/www.egemtv.com\/index.php?rest_route=\/wp\/v2\/posts\/27197","targetHints":{"allow":["GET"]}}],"collection":[{"href":"https:\/\/www.egemtv.com\/index.php?rest_route=\/wp\/v2\/posts"}],"about":[{"href":"https:\/\/www.egemtv.com\/index.php?rest_route=\/wp\/v2\/types\/post"}],"author":[{"embeddable":true,"href":"https:\/\/www.egemtv.com\/index.php?rest_route=\/wp\/v2\/users\/1"}],"replies":[{"embeddable":true,"href":"https:\/\/www.egemtv.com\/index.php?rest_route=%2Fwp%2Fv2%2Fcomments&post=27197"}],"version-history":[{"count":1,"href":"https:\/\/www.egemtv.com\/index.php?rest_route=\/wp\/v2\/posts\/27197\/revisions"}],"predecessor-version":[{"id":27199,"href":"https:\/\/www.egemtv.com\/index.php?rest_route=\/wp\/v2\/posts\/27197\/revisions\/27199"}],"wp:featuredmedia":[{"embeddable":true,"href":"https:\/\/www.egemtv.com\/index.php?rest_route=\/wp\/v2\/media\/27198"}],"wp:attachment":[{"href":"https:\/\/www.egemtv.com\/index.php?rest_route=%2Fwp%2Fv2%2Fmedia&parent=27197"}],"wp:term":[{"taxonomy":"category","embeddable":true,"href":"https:\/\/www.egemtv.com\/index.php?rest_route=%2Fwp%2Fv2%2Fcategories&post=27197"},{"taxonomy":"post_tag","embeddable":true,"href":"https:\/\/www.egemtv.com\/index.php?rest_route=%2Fwp%2Fv2%2Ftags&post=27197"}],"curies":[{"name":"wp","href":"https:\/\/api.w.org\/{rel}","templated":true}]}}