{"id":27194,"date":"2025-05-08T17:16:43","date_gmt":"2025-05-08T14:16:43","guid":{"rendered":"https:\/\/www.egemtv.com\/?p=27194"},"modified":"2025-05-08T17:16:53","modified_gmt":"2025-05-08T14:16:53","slug":"salihlide-fidan-dip-kurdu-tehlikesi","status":"publish","type":"post","link":"https:\/\/www.egemtv.com\/?p=27194","title":{"rendered":"Salihli\u2019de \u2018Fidan Dip Kurdu\u2019 tehlikesi!"},"content":{"rendered":"<p>Manisa\u2019n\u0131n Salihli il\u00e7esindeki Tar\u0131m ve Orman M\u00fcd\u00fcrl\u00fc\u011f\u00fc, meyve \u00fcreticilerini \u00f6nemli bir zararl\u0131ya kar\u015f\u0131 uyard\u0131. Yap\u0131lan uyar\u0131da, erik, kiraz, kay\u0131s\u0131, badem ve \u015feftali \u00fcreticileri olmak \u00fczere t\u00fcm \u00fcreticilerin Fidan Dip Kurdu konusunda dikkatli olmas\u0131n\u0131 istedi.<br \/>\n<br \/>Ba\u015fta erik, kiraz, kay\u0131s\u0131, badem ve \u015feftali \u00fcreticileri olmak \u00fczere t\u00fcm \u00fcreticilerin Fidan Dip Kurduna kar\u015f\u0131 dikkatli olmas\u0131 gerekti\u011fini, b\u00f6lgedeki meyve bah\u00e7elerinde ciddi zararlar olu\u015fturmaya ba\u015flad\u0131\u011f\u0131 ifade edildi. Salihli \u0130l\u00e7e Tar\u0131m ve Orman M\u00fcd\u00fcrl\u00fc\u011f\u00fc, \u00fcreticileri tarlalar\u0131nda ve bah\u00e7elerinde d\u00fczenli g\u00f6zlem yapmalar\u0131, yukar\u0131da belirtilen \u00f6nlemleri uygulamalar\u0131 ve gerekti\u011finde uzman deste\u011fi almalar\u0131 konusunda uyard\u0131.<br \/><\/p>\n","protected":false},"excerpt":{"rendered":"<p>Manisa\u2019n\u0131n Salihli il\u00e7esindeki Tar\u0131m ve Orman M\u00fcd\u00fcrl\u00fc\u011f\u00fc, meyve \u00fcreticilerini \u00f6nemli bir zararl\u0131ya kar\u015f\u0131 uyard\u0131. Yap\u0131lan uyar\u0131da, erik, kiraz, kay\u0131s\u0131, badem ve \u015feftali \u00fcreticileri olmak \u00fczere t\u00fcm \u00fcreticilerin Fidan Dip Kurdu konusunda dikkatli olmas\u0131n\u0131 istedi. Ba\u015fta erik, kiraz, kay\u0131s\u0131, badem ve \u015feftali \u00fcreticileri olmak \u00fczere t\u00fcm \u00fcreticilerin Fidan Dip Kurduna kar\u015f\u0131 dikkatli olmas\u0131 gerekti\u011fini, b\u00f6lgedeki meyve&#8230;<\/p>\n","protected":false},"author":1,"featured_media":27195,"comment_status":"open","ping_status":"open","sticky":false,"template":"","format":"standard","meta":{"_crdt_document":"","footnotes":""},"categories":[1],"tags":[],"class_list":["post-27194","post","type-post","status-publish","format-standard","has-post-thumbnail","hentry","category-guncel"],"_links":{"self":[{"href":"https:\/\/www.egemtv.com\/index.php?rest_route=\/wp\/v2\/posts\/27194","targetHints":{"allow":["GET"]}}],"collection":[{"href":"https:\/\/www.egemtv.com\/index.php?rest_route=\/wp\/v2\/posts"}],"about":[{"href":"https:\/\/www.egemtv.com\/index.php?rest_route=\/wp\/v2\/types\/post"}],"author":[{"embeddable":true,"href":"https:\/\/www.egemtv.com\/index.php?rest_route=\/wp\/v2\/users\/1"}],"replies":[{"embeddable":true,"href":"https:\/\/www.egemtv.com\/index.php?rest_route=%2Fwp%2Fv2%2Fcomments&post=27194"}],"version-history":[{"count":1,"href":"https:\/\/www.egemtv.com\/index.php?rest_route=\/wp\/v2\/posts\/27194\/revisions"}],"predecessor-version":[{"id":27196,"href":"https:\/\/www.egemtv.com\/index.php?rest_route=\/wp\/v2\/posts\/27194\/revisions\/27196"}],"wp:featuredmedia":[{"embeddable":true,"href":"https:\/\/www.egemtv.com\/index.php?rest_route=\/wp\/v2\/media\/27195"}],"wp:attachment":[{"href":"https:\/\/www.egemtv.com\/index.php?rest_route=%2Fwp%2Fv2%2Fmedia&parent=27194"}],"wp:term":[{"taxonomy":"category","embeddable":true,"href":"https:\/\/www.egemtv.com\/index.php?rest_route=%2Fwp%2Fv2%2Fcategories&post=27194"},{"taxonomy":"post_tag","embeddable":true,"href":"https:\/\/www.egemtv.com\/index.php?rest_route=%2Fwp%2Fv2%2Ftags&post=27194"}],"curies":[{"name":"wp","href":"https:\/\/api.w.org\/{rel}","templated":true}]}}