{"id":27191,"date":"2025-05-08T16:58:19","date_gmt":"2025-05-08T13:58:19","guid":{"rendered":"https:\/\/www.egemtv.com\/?p=27191"},"modified":"2025-05-08T16:58:23","modified_gmt":"2025-05-08T13:58:23","slug":"kriket-turkiye-sampiyonasi-heyecani-denizlide-basliyor","status":"publish","type":"post","link":"https:\/\/www.egemtv.com\/?p=27191","title":{"rendered":"Kriket T\u00fcrkiye \u015eampiyonas\u0131 heyecan\u0131 Denizli\u2019de ba\u015fl\u0131yor"},"content":{"rendered":"<p>Okul Sporlar\u0131 Kriket T\u00fcrkiye \u015eampiyonas\u0131 Denizli\u2019nin ev sahipli\u011finde yap\u0131lacak. 32 ilden 255 tak\u0131m 3 bin 940 sporcunun kat\u0131l\u0131m\u0131yla 10 May\u0131s Cumartesi g\u00fcn\u00fc start alacak organizasyon; Gen\u00e7ler, Y\u0131ld\u0131zlar ve K\u00fc\u00e7\u00fckler kategorilerde ger\u00e7ekle\u015fecek \u015fampiyonalarla May\u0131s ay\u0131 boyunca devam edecek.<\/p>\n<p>Denizli\u2019de farkl\u0131 bran\u015flarda d\u00fczenlenen ulusal spor organizasyonlar\u0131 aral\u0131ks\u0131z devam ediyor. Gen\u00e7lik ve Spor \u0130l M\u00fcd\u00fcrl\u00fc\u011f\u00fc koordinesinde ger\u00e7ekle\u015fecek Okul Sporlar\u0131 Kriket T\u00fcrkiye \u015eampiyonas\u0131 i\u00e7in geri say\u0131m ba\u015flad\u0131. 10 May\u0131s Cumartesi g\u00fcn\u00fc K\u0131n\u0131kl\u0131 Spor Kompleksi Futbol Sahas\u0131nda ba\u015flayacak \u015fampiyonada kar\u015f\u0131la\u015fmalar; Gen\u00e7ler, Y\u0131ld\u0131zlar ve K\u00fc\u00e7\u00fckler kategorilerinde d\u00f6rt ayr\u0131 sahada oynanacak.<\/p>\n<p>255 tak\u0131mdan 3 bin 940 sporcu Denizli\u2019ye geliyor<br \/>\n<br \/>Denizli Gen\u00e7lik ve Spor \u0130l M\u00fcd\u00fcrl\u00fc\u011f\u00fc\u2019n\u00fcn organize edece\u011fi ve May\u0131s ay\u0131 boyunca Kriket heyecan\u0131n\u0131n ya\u015fanaca\u011f\u0131 \u015fampiyonada, 32 farkl\u0131 ilden 255 okul tak\u0131m\u0131 3 bin 940 sporcu m\u00fccadele edecek. 10-16 May\u0131s tarihleri aras\u0131nda 110 tak\u0131m\u0131n m\u00fccadele edece\u011fi Gen\u00e7ler T\u00fcrkiye \u015eampiyonas\u0131\u2019n\u0131n ard\u0131ndan 20-25 May\u0131s tarihleri aras\u0131nda ger\u00e7ekle\u015fecek Y\u0131ld\u0131zlar T\u00fcrkiye \u015eampiyonas\u0131\u2019nda 75 tak\u0131m, 26-31 May\u0131s tarihleri aras\u0131nda d\u00fczenlenecek K\u00fc\u00e7\u00fckler T\u00fcrkiye \u015eampiyonas\u0131\u2019nda ise 70 tak\u0131m yar\u0131\u015facak. K\u0131zlar kategorisi m\u00fcsabakalar\u0131, K\u0131n\u0131kl\u0131 Spor Kompleksi ile Zafer Katranc\u0131 Futbol Sahas\u0131nda yap\u0131lacak \u015fampiyonan\u0131n, Erkekler kategorisi kar\u015f\u0131la\u015fmalar\u0131 ise Ba\u015fkarc\u0131 \u015eehit Sami Er Stadyumu ile Akvadi Futbol Sahas\u0131nda oynanacak.<\/p>\n<p>Yar\u0131\u015fmalara ev sahipli\u011fi yapmaya haz\u0131rlanan Gen\u00e7lik ve Spor \u0130l M\u00fcd\u00fcrl\u00fc\u011f\u00fc\u2019nde \u015fampiyona i\u00e7in geri say\u0131m ba\u015flad\u0131. Kriket gibi geli\u015fmekte olan spor bran\u015flar\u0131n\u0131 desteklediklerini ifade eden Denizli Gen\u00e7lik Spor \u0130l M\u00fcd\u00fcr\u00fc S\u00fcleyman Erdo\u011fan, \u015fampiyonaya ev sahipli\u011fi yapacak olmaktan mutluluk duyduklar\u0131n\u0131 s\u00f6yledi. May\u0131s ay\u0131 boyunca s\u00fcrecek \u015fampiyona i\u00e7in Denizli\u2019ye gelecek t\u00fcm tak\u0131mlara ve sporculara ba\u015far\u0131lar dileyen Erdo\u011fan, g\u00fczel bir \u015fampiyona olmas\u0131n\u0131 diledi.<br \/><\/p>\n","protected":false},"excerpt":{"rendered":"<p>Okul Sporlar\u0131 Kriket T\u00fcrkiye \u015eampiyonas\u0131 Denizli\u2019nin ev sahipli\u011finde yap\u0131lacak. 32 ilden 255 tak\u0131m 3 bin 940 sporcunun kat\u0131l\u0131m\u0131yla 10 May\u0131s Cumartesi g\u00fcn\u00fc start alacak organizasyon; Gen\u00e7ler, Y\u0131ld\u0131zlar ve K\u00fc\u00e7\u00fckler kategorilerde ger\u00e7ekle\u015fecek \u015fampiyonalarla May\u0131s ay\u0131 boyunca devam edecek. Denizli\u2019de farkl\u0131 bran\u015flarda d\u00fczenlenen ulusal spor organizasyonlar\u0131 aral\u0131ks\u0131z devam ediyor. Gen\u00e7lik ve Spor \u0130l M\u00fcd\u00fcrl\u00fc\u011f\u00fc koordinesinde ger\u00e7ekle\u015fecek Okul&#8230;<\/p>\n","protected":false},"author":1,"featured_media":27192,"comment_status":"open","ping_status":"open","sticky":false,"template":"","format":"standard","meta":{"_crdt_document":"","footnotes":""},"categories":[4],"tags":[],"class_list":["post-27191","post","type-post","status-publish","format-standard","has-post-thumbnail","hentry","category-spor"],"_links":{"self":[{"href":"https:\/\/www.egemtv.com\/index.php?rest_route=\/wp\/v2\/posts\/27191","targetHints":{"allow":["GET"]}}],"collection":[{"href":"https:\/\/www.egemtv.com\/index.php?rest_route=\/wp\/v2\/posts"}],"about":[{"href":"https:\/\/www.egemtv.com\/index.php?rest_route=\/wp\/v2\/types\/post"}],"author":[{"embeddable":true,"href":"https:\/\/www.egemtv.com\/index.php?rest_route=\/wp\/v2\/users\/1"}],"replies":[{"embeddable":true,"href":"https:\/\/www.egemtv.com\/index.php?rest_route=%2Fwp%2Fv2%2Fcomments&post=27191"}],"version-history":[{"count":1,"href":"https:\/\/www.egemtv.com\/index.php?rest_route=\/wp\/v2\/posts\/27191\/revisions"}],"predecessor-version":[{"id":27193,"href":"https:\/\/www.egemtv.com\/index.php?rest_route=\/wp\/v2\/posts\/27191\/revisions\/27193"}],"wp:featuredmedia":[{"embeddable":true,"href":"https:\/\/www.egemtv.com\/index.php?rest_route=\/wp\/v2\/media\/27192"}],"wp:attachment":[{"href":"https:\/\/www.egemtv.com\/index.php?rest_route=%2Fwp%2Fv2%2Fmedia&parent=27191"}],"wp:term":[{"taxonomy":"category","embeddable":true,"href":"https:\/\/www.egemtv.com\/index.php?rest_route=%2Fwp%2Fv2%2Fcategories&post=27191"},{"taxonomy":"post_tag","embeddable":true,"href":"https:\/\/www.egemtv.com\/index.php?rest_route=%2Fwp%2Fv2%2Ftags&post=27191"}],"curies":[{"name":"wp","href":"https:\/\/api.w.org\/{rel}","templated":true}]}}