{"id":27188,"date":"2025-05-08T16:58:14","date_gmt":"2025-05-08T13:58:14","guid":{"rendered":"https:\/\/www.egemtv.com\/?p=27188"},"modified":"2025-05-08T16:58:19","modified_gmt":"2025-05-08T13:58:19","slug":"uyusturucu-tacirleriyle-mucadele-tum-hiziyla-devam-ediyor","status":"publish","type":"post","link":"https:\/\/www.egemtv.com\/?p=27188","title":{"rendered":"Uyu\u015fturucu tacirleriyle m\u00fccadele t\u00fcm h\u0131z\u0131yla devam ediyor"},"content":{"rendered":"<p>Manisa\u2019n\u0131n Ala\u015fehir il\u00e7esinde iki \u015f\u00fcpheli \u015fahs\u0131n bulundu\u011fu ara\u00e7ta yap\u0131lan aramada uyu\u015fturucu madde ele ge\u00e7irildi. Olayla ilgili bir ki\u015fi tutuklan\u0131rken bir ki\u015fi de adli kontrol \u015fart\u0131yla serbest b\u0131rak\u0131ld\u0131.<br \/>\n<br \/>Manisa\u2019n\u0131n Ala\u015fehir il\u00e7esinde S.U. (40\/E) ve N.B. (36\/E) isimli \u015fah\u0131slar\u0131n uyu\u015fturucu madde ticareti yapt\u0131klar\u0131 bilgisi \u00fczerine Ala\u015fehir JASAT ve Kavakl\u0131dere Jandarma Karakol Komutanl\u0131\u011f\u0131nca \u015f\u00fcpheli \u015fah\u0131slar\u0131n bulundu\u011fu ara\u00e7ta yap\u0131lan aramada, 63,7 gram uyu\u015fturucu, 4 adet uyu\u015fturucu madde kullanma aparat\u0131, 15 bin 250 TL su\u00e7 geliri oldu\u011fu d\u00fc\u015f\u00fcn\u00fclen para ele ge\u00e7irildi. G\u00f6zalt\u0131na al\u0131narak adli makamlara sevk edilen \u015f\u00fcphelilerden N.B. Adli Kontrol \u015eart\u0131yla serbest b\u0131rak\u0131l\u0131rken, S.U. ise tutuklanarak Ala\u015fehir M Tipi Ceza \u0130nfaz Kurumuna teslim edildi.<br \/><\/p>\n","protected":false},"excerpt":{"rendered":"<p>Manisa\u2019n\u0131n Ala\u015fehir il\u00e7esinde iki \u015f\u00fcpheli \u015fahs\u0131n bulundu\u011fu ara\u00e7ta yap\u0131lan aramada uyu\u015fturucu madde ele ge\u00e7irildi. Olayla ilgili bir ki\u015fi tutuklan\u0131rken bir ki\u015fi de adli kontrol \u015fart\u0131yla serbest b\u0131rak\u0131ld\u0131. Manisa\u2019n\u0131n Ala\u015fehir il\u00e7esinde S.U. (40\/E) ve N.B. (36\/E) isimli \u015fah\u0131slar\u0131n uyu\u015fturucu madde ticareti yapt\u0131klar\u0131 bilgisi \u00fczerine Ala\u015fehir JASAT ve Kavakl\u0131dere Jandarma Karakol Komutanl\u0131\u011f\u0131nca \u015f\u00fcpheli \u015fah\u0131slar\u0131n bulundu\u011fu ara\u00e7ta yap\u0131lan&#8230;<\/p>\n","protected":false},"author":1,"featured_media":27189,"comment_status":"open","ping_status":"open","sticky":false,"template":"","format":"standard","meta":{"_crdt_document":"","footnotes":""},"categories":[5],"tags":[],"class_list":["post-27188","post","type-post","status-publish","format-standard","has-post-thumbnail","hentry","category-asayis"],"_links":{"self":[{"href":"https:\/\/www.egemtv.com\/index.php?rest_route=\/wp\/v2\/posts\/27188","targetHints":{"allow":["GET"]}}],"collection":[{"href":"https:\/\/www.egemtv.com\/index.php?rest_route=\/wp\/v2\/posts"}],"about":[{"href":"https:\/\/www.egemtv.com\/index.php?rest_route=\/wp\/v2\/types\/post"}],"author":[{"embeddable":true,"href":"https:\/\/www.egemtv.com\/index.php?rest_route=\/wp\/v2\/users\/1"}],"replies":[{"embeddable":true,"href":"https:\/\/www.egemtv.com\/index.php?rest_route=%2Fwp%2Fv2%2Fcomments&post=27188"}],"version-history":[{"count":1,"href":"https:\/\/www.egemtv.com\/index.php?rest_route=\/wp\/v2\/posts\/27188\/revisions"}],"predecessor-version":[{"id":27190,"href":"https:\/\/www.egemtv.com\/index.php?rest_route=\/wp\/v2\/posts\/27188\/revisions\/27190"}],"wp:featuredmedia":[{"embeddable":true,"href":"https:\/\/www.egemtv.com\/index.php?rest_route=\/wp\/v2\/media\/27189"}],"wp:attachment":[{"href":"https:\/\/www.egemtv.com\/index.php?rest_route=%2Fwp%2Fv2%2Fmedia&parent=27188"}],"wp:term":[{"taxonomy":"category","embeddable":true,"href":"https:\/\/www.egemtv.com\/index.php?rest_route=%2Fwp%2Fv2%2Fcategories&post=27188"},{"taxonomy":"post_tag","embeddable":true,"href":"https:\/\/www.egemtv.com\/index.php?rest_route=%2Fwp%2Fv2%2Ftags&post=27188"}],"curies":[{"name":"wp","href":"https:\/\/api.w.org\/{rel}","templated":true}]}}