{"id":27182,"date":"2025-05-08T16:39:02","date_gmt":"2025-05-08T13:39:02","guid":{"rendered":"https:\/\/www.egemtv.com\/?p=27182"},"modified":"2025-05-08T16:39:08","modified_gmt":"2025-05-08T13:39:08","slug":"kulada-emniyet-kemerinin-onemi-simulasyon-araci-ile-anlatildi","status":"publish","type":"post","link":"https:\/\/www.egemtv.com\/?p=27182","title":{"rendered":"Kula\u2019da emniyet kemerinin \u00f6nemi sim\u00fclasyon arac\u0131 ile anlat\u0131ld\u0131"},"content":{"rendered":"<p>Manisa\u2019n\u0131n Kula il\u00e7esinde Karayolu Trafik Haftas\u0131 etkinlikleri \u00e7er\u00e7evesinde \u0130l\u00e7e Emniyet M\u00fcd\u00fcrl\u00fc\u011f\u00fc ve Kula il\u00e7e jandarma komutanl\u0131\u011f\u0131 trafik ekipleri il\u00e7enin kent meydan\u0131na kurulan \u0130l Emniyet M\u00fcd\u00fcrl\u00fc\u011f\u00fc sim\u00fclasyon arac\u0131 ile emniyet kemerinin \u00f6nemi \u00f6\u011frenci ve vatanda\u015flara anlat\u0131ld\u0131.<br \/>\n<br \/>Kula\u2019da \u0130l\u00e7e Emniyet M\u00fcd\u00fcrl\u00fc\u011f\u00fc ve \u0130l\u00e7e Jandarma Komutanl\u0131\u011f\u0131, Karayolu Trafik Haftas\u0131 \u00e7er\u00e7evesinde \u00e7e\u015fitli etkinlikler d\u00fczenliyor. \u0130l\u00e7e trafi\u011finin yo\u011fun oldu\u011fu noktalarda vatanda\u015flara bilgilendirmede bulunan ekipler, bilgilendirici bro\u015f\u00fcr da\u011f\u0131tarak vatanda\u015flara uyar\u0131larda bulunuyor. Ayr\u0131ca, \u0130l\u00e7e Emniyet M\u00fcd\u00fcrl\u00fc\u011f\u00fc il\u00e7enin kent meydan\u0131na \u0130l Emniyet M\u00fcd\u00fcrl\u00fc\u011f\u00fc\u2019n\u00fcn sim\u00fclasyon arac\u0131 kuruldu.<br \/>\n<br \/>Hem vatanda\u015flara, hem de \u00f6\u011frencilere emniyet kemerinin \u00f6nemini anlatmak i\u00e7in kurulan sim\u00fclasyon arac\u0131na bindirilen \u00f6\u011frenci ve vatanda\u015flara, olabilecek bir kaza an\u0131nda ara\u00e7 i\u00e7erisinde ya\u015fanabilecek olumsuzluklar g\u00f6sterildi. Sim\u00fclasyon arac\u0131na binen baz\u0131 vatanda\u015flar, emniyet kemerinin tak\u0131l\u0131 olmas\u0131n\u0131n ne kadar \u00f6nemli oldu\u011funu ve ters d\u00f6nen ara\u00e7ta hayat kurtard\u0131\u011f\u0131n\u0131 deneyimledi. Emniyet kemerinin \u00f6nemini anlatan trafik ekipleri, ayr\u0131ca vatanda\u015f ve \u00f6\u011frencilere alkol g\u00f6zl\u00fc\u011f\u00fc takt\u0131rarak, alkoll\u00fc bir ki\u015finin \u00e7evreyi nas\u0131l g\u00f6rd\u00fc\u011f\u00fc ve nas\u0131l ara\u00e7 kulland\u0131\u011f\u0131n\u0131 anlatarak alkoll\u00fc ara\u00e7 kullanmamalar\u0131 konusunda uyar\u0131larda bulundu.<br \/>\n<br \/>Ayr\u0131ca Kat\u0131l\u0131mc\u0131lar, promil g\u00f6zl\u00fc\u011f\u00fc kullan\u0131larak d\u00fczenlenen parkurda ise alkol\u00fcn koordinasyon \u00fczerindeki etkisini deneyimledi. \u00d6\u011frencilerden d\u00fcz bir \u015fekilde y\u00fcr\u00fcmeleri ve topa \u015fut atmalar\u0131 istenirken, alkol etkisini sim\u00fcle eden g\u00f6zl\u00fcklerle bunu ger\u00e7ekle\u015ftirmekte zorland\u0131lar. Bu uygulama sayesinde gen\u00e7ler, alkoll\u00fc ara\u00e7 kullanman\u0131n tehlikelerini somut olarak deneyimledi.<br \/><\/p>\n","protected":false},"excerpt":{"rendered":"<p>Manisa\u2019n\u0131n Kula il\u00e7esinde Karayolu Trafik Haftas\u0131 etkinlikleri \u00e7er\u00e7evesinde \u0130l\u00e7e Emniyet M\u00fcd\u00fcrl\u00fc\u011f\u00fc ve Kula il\u00e7e jandarma komutanl\u0131\u011f\u0131 trafik ekipleri il\u00e7enin kent meydan\u0131na kurulan \u0130l Emniyet M\u00fcd\u00fcrl\u00fc\u011f\u00fc sim\u00fclasyon arac\u0131 ile emniyet kemerinin \u00f6nemi \u00f6\u011frenci ve vatanda\u015flara anlat\u0131ld\u0131. Kula\u2019da \u0130l\u00e7e Emniyet M\u00fcd\u00fcrl\u00fc\u011f\u00fc ve \u0130l\u00e7e Jandarma Komutanl\u0131\u011f\u0131, Karayolu Trafik Haftas\u0131 \u00e7er\u00e7evesinde \u00e7e\u015fitli etkinlikler d\u00fczenliyor. \u0130l\u00e7e trafi\u011finin yo\u011fun oldu\u011fu noktalarda&#8230;<\/p>\n","protected":false},"author":1,"featured_media":27183,"comment_status":"open","ping_status":"open","sticky":false,"template":"","format":"standard","meta":{"_crdt_document":"","footnotes":""},"categories":[5],"tags":[],"class_list":["post-27182","post","type-post","status-publish","format-standard","has-post-thumbnail","hentry","category-asayis"],"_links":{"self":[{"href":"https:\/\/www.egemtv.com\/index.php?rest_route=\/wp\/v2\/posts\/27182","targetHints":{"allow":["GET"]}}],"collection":[{"href":"https:\/\/www.egemtv.com\/index.php?rest_route=\/wp\/v2\/posts"}],"about":[{"href":"https:\/\/www.egemtv.com\/index.php?rest_route=\/wp\/v2\/types\/post"}],"author":[{"embeddable":true,"href":"https:\/\/www.egemtv.com\/index.php?rest_route=\/wp\/v2\/users\/1"}],"replies":[{"embeddable":true,"href":"https:\/\/www.egemtv.com\/index.php?rest_route=%2Fwp%2Fv2%2Fcomments&post=27182"}],"version-history":[{"count":1,"href":"https:\/\/www.egemtv.com\/index.php?rest_route=\/wp\/v2\/posts\/27182\/revisions"}],"predecessor-version":[{"id":27184,"href":"https:\/\/www.egemtv.com\/index.php?rest_route=\/wp\/v2\/posts\/27182\/revisions\/27184"}],"wp:featuredmedia":[{"embeddable":true,"href":"https:\/\/www.egemtv.com\/index.php?rest_route=\/wp\/v2\/media\/27183"}],"wp:attachment":[{"href":"https:\/\/www.egemtv.com\/index.php?rest_route=%2Fwp%2Fv2%2Fmedia&parent=27182"}],"wp:term":[{"taxonomy":"category","embeddable":true,"href":"https:\/\/www.egemtv.com\/index.php?rest_route=%2Fwp%2Fv2%2Fcategories&post=27182"},{"taxonomy":"post_tag","embeddable":true,"href":"https:\/\/www.egemtv.com\/index.php?rest_route=%2Fwp%2Fv2%2Ftags&post=27182"}],"curies":[{"name":"wp","href":"https:\/\/api.w.org\/{rel}","templated":true}]}}