{"id":27179,"date":"2025-05-08T16:38:56","date_gmt":"2025-05-08T13:38:56","guid":{"rendered":"https:\/\/www.egemtv.com\/?p=27179"},"modified":"2025-05-08T16:39:02","modified_gmt":"2025-05-08T13:39:02","slug":"trafik-ekipleri-vatandaslari-bilgilendirdi","status":"publish","type":"post","link":"https:\/\/www.egemtv.com\/?p=27179","title":{"rendered":"Trafik ekipleri, vatanda\u015flar\u0131 bilgilendirdi"},"content":{"rendered":"<p>Ayd\u0131n\u2019\u0131n Efeler il\u00e7esinde Trafik Haftas\u0131 \u00e7er\u00e7evesinde fark\u0131ndal\u0131k etkinli\u011fi ger\u00e7ekle\u015ftiren trafik ekipleri, trafik kurallar\u0131 konusunda vatanda\u015flar\u0131 bilgilendirdi.<\/p>\n<p>Vatanda\u015flarda trafik bilincinin olu\u015fturulmas\u0131 ve trafik kurallar\u0131n\u0131n \u00f6\u011fretilmesi amac\u0131yla \u00e7al\u0131\u015fmalar\u0131na devam eden Ayd\u0131n Trafik Denetleme \u015eube M\u00fcd\u00fcrl\u00fc\u011f\u00fc E\u011fitim B\u00fcro personelleri, a\u00e7t\u0131klar\u0131 stantla vatanda\u015flar\u0131 bilgilendirdi. Her y\u0131l May\u0131s ay\u0131n\u0131n ilk haftas\u0131nda ba\u015flayarak bir hafta boyunca kutlanan Karayolu G\u00fcvenli\u011fi ve Trafik Haftas\u0131 dolay\u0131s\u0131yla \u00e7al\u0131\u015fmalar\u0131na h\u0131z veren trafik ekipleri, bu kapsamda vatanda\u015flarla bir araya geldi. Yayalar\u0131n en \u00e7ok kulland\u0131\u011f\u0131 yerlerden birisi olan Atat\u00fcrk Kent Meydan\u0131\u2019nda stant a\u00e7an trafik ekipleri, vatanda\u015flara &#8220;G\u00fcvenli Trafik&#8221; konular\u0131nda bilgilendirme yapt\u0131. &#8220;Bir kural bir \u00f6m\u00fcr&#8221; slogan\u0131na dikkat \u00e7ekilen etkinlikte trafik \u0131\u015f\u0131klar\u0131na uyulmas\u0131, emniyet kemerinin \u00f6nemi gibi genel trafik kurallar\u0131 anlat\u0131ld\u0131. Ayr\u0131ca vatanda\u015flar\u0131n trafik kurallar\u0131na uymalar\u0131 konusunda da daha dikkatli ve duyarl\u0131 olmalar\u0131 \u00e7a\u011fr\u0131s\u0131nda bulunulurken trafikte bilin\u00e7li olman\u0131n hayat kurtard\u0131\u011f\u0131na dikkat \u00e7ekildi. Trafik k\u00fclt\u00fcr\u00fcn\u00fcn olu\u015fmas\u0131 ve fark\u0131ndal\u0131\u011f\u0131n artmas\u0131 hedefiyle ger\u00e7ekle\u015ftirilen e\u011fitimlerin de aral\u0131ks\u0131z devam edece\u011fi \u00f6\u011frenildi.<br \/><\/p>\n","protected":false},"excerpt":{"rendered":"<p>Ayd\u0131n\u2019\u0131n Efeler il\u00e7esinde Trafik Haftas\u0131 \u00e7er\u00e7evesinde fark\u0131ndal\u0131k etkinli\u011fi ger\u00e7ekle\u015ftiren trafik ekipleri, trafik kurallar\u0131 konusunda vatanda\u015flar\u0131 bilgilendirdi. Vatanda\u015flarda trafik bilincinin olu\u015fturulmas\u0131 ve trafik kurallar\u0131n\u0131n \u00f6\u011fretilmesi amac\u0131yla \u00e7al\u0131\u015fmalar\u0131na devam eden Ayd\u0131n Trafik Denetleme \u015eube M\u00fcd\u00fcrl\u00fc\u011f\u00fc E\u011fitim B\u00fcro personelleri, a\u00e7t\u0131klar\u0131 stantla vatanda\u015flar\u0131 bilgilendirdi. Her y\u0131l May\u0131s ay\u0131n\u0131n ilk haftas\u0131nda ba\u015flayarak bir hafta boyunca kutlanan Karayolu G\u00fcvenli\u011fi ve Trafik&#8230;<\/p>\n","protected":false},"author":1,"featured_media":27180,"comment_status":"open","ping_status":"open","sticky":false,"template":"","format":"standard","meta":{"_crdt_document":"","footnotes":""},"categories":[1],"tags":[],"class_list":["post-27179","post","type-post","status-publish","format-standard","has-post-thumbnail","hentry","category-guncel"],"_links":{"self":[{"href":"https:\/\/www.egemtv.com\/index.php?rest_route=\/wp\/v2\/posts\/27179","targetHints":{"allow":["GET"]}}],"collection":[{"href":"https:\/\/www.egemtv.com\/index.php?rest_route=\/wp\/v2\/posts"}],"about":[{"href":"https:\/\/www.egemtv.com\/index.php?rest_route=\/wp\/v2\/types\/post"}],"author":[{"embeddable":true,"href":"https:\/\/www.egemtv.com\/index.php?rest_route=\/wp\/v2\/users\/1"}],"replies":[{"embeddable":true,"href":"https:\/\/www.egemtv.com\/index.php?rest_route=%2Fwp%2Fv2%2Fcomments&post=27179"}],"version-history":[{"count":1,"href":"https:\/\/www.egemtv.com\/index.php?rest_route=\/wp\/v2\/posts\/27179\/revisions"}],"predecessor-version":[{"id":27181,"href":"https:\/\/www.egemtv.com\/index.php?rest_route=\/wp\/v2\/posts\/27179\/revisions\/27181"}],"wp:featuredmedia":[{"embeddable":true,"href":"https:\/\/www.egemtv.com\/index.php?rest_route=\/wp\/v2\/media\/27180"}],"wp:attachment":[{"href":"https:\/\/www.egemtv.com\/index.php?rest_route=%2Fwp%2Fv2%2Fmedia&parent=27179"}],"wp:term":[{"taxonomy":"category","embeddable":true,"href":"https:\/\/www.egemtv.com\/index.php?rest_route=%2Fwp%2Fv2%2Fcategories&post=27179"},{"taxonomy":"post_tag","embeddable":true,"href":"https:\/\/www.egemtv.com\/index.php?rest_route=%2Fwp%2Fv2%2Ftags&post=27179"}],"curies":[{"name":"wp","href":"https:\/\/api.w.org\/{rel}","templated":true}]}}