{"id":27176,"date":"2025-05-08T16:17:25","date_gmt":"2025-05-08T13:17:25","guid":{"rendered":"https:\/\/www.egemtv.com\/?p=27176"},"modified":"2025-05-08T16:17:31","modified_gmt":"2025-05-08T13:17:31","slug":"usakta-ogrencilere-kirmizi-duduk-dagitildi","status":"publish","type":"post","link":"https:\/\/www.egemtv.com\/?p=27176","title":{"rendered":"U\u015fak\u2019ta \u00f6\u011frencilere k\u0131rm\u0131z\u0131 d\u00fcd\u00fck da\u011f\u0131t\u0131ld\u0131"},"content":{"rendered":"<p>U\u015fak\u2019ta Karayolu Trafik G\u00fcvenli\u011fi ve Karayolu Trafik Haftas\u0131 etkinlikleri kapsam\u0131nda 15 Temmuz \u015eehitler Meydan\u2019\u0131nda program d\u00fczenlendi.<\/p>\n<p>U\u015fak \u0130l Emniyet M\u00fcd\u00fcrl\u00fc\u011f\u00fc ve \u0130l Jandarma Komutanl\u0131\u011f\u0131 Trafik birimlerince Haftas\u0131 etkinlikleri kapsam\u0131nda 15 Temmuz \u015eehitler Meydan\u2019\u0131nda etkinlik d\u00fczenlendi.<br \/>\n<br \/>Etkinlikte Trafik Polisleri ve Trafik Jandarmas\u0131, g\u00f6rev s\u0131ras\u0131nda kulland\u0131klar\u0131 ara\u00e7 ve ekipmanlar\u0131 tan\u0131tarak vatanda\u015flar\u0131 bilgilendirdi. \u00d6zellikle minik \u00f6\u011frencilere y\u00f6nelik d\u00fczenlenen e\u011fitimlerde temel trafik kurallar\u0131 anlat\u0131ld\u0131; kar\u015f\u0131dan kar\u015f\u0131ya ge\u00e7i\u015f, emniyet kemeri kullan\u0131m\u0131 gibi konularda fark\u0131ndal\u0131k olu\u015fturulmas\u0131 ama\u00e7land\u0131.<br \/>\n<br \/>Etkinli\u011fe U\u015fak Valisi Naci Akta\u015f, \u0130l Emniyet M\u00fcd\u00fcr\u00fc Mehmet Ali Kolcu, \u0130l Jandarma Komutan\u0131 K\u0131demli Albay Fahri Semiz, \u0130l Sa\u011fl\u0131k M\u00fcd\u00fcr\u00fc Uzman Doktor Hasan Mollah\u00fcseyino\u011flu kat\u0131larak \u00f6\u011frencilerle bir araya geldi. Vali Akta\u015f, \u00f6\u011frencilerle sohbet ederek trafik g\u00fcvenli\u011fi konusunda onlara \u00e7e\u015fitli tavsiyelerde bulundu.<br \/>\n<br \/>Etkinlik, vatanda\u015flar\u0131n ve \u00f6\u011frencilerin yo\u011fun ilgisiyle kar\u015f\u0131land\u0131.<br \/><\/p>\n","protected":false},"excerpt":{"rendered":"<p>U\u015fak\u2019ta Karayolu Trafik G\u00fcvenli\u011fi ve Karayolu Trafik Haftas\u0131 etkinlikleri kapsam\u0131nda 15 Temmuz \u015eehitler Meydan\u2019\u0131nda program d\u00fczenlendi. U\u015fak \u0130l Emniyet M\u00fcd\u00fcrl\u00fc\u011f\u00fc ve \u0130l Jandarma Komutanl\u0131\u011f\u0131 Trafik birimlerince Haftas\u0131 etkinlikleri kapsam\u0131nda 15 Temmuz \u015eehitler Meydan\u2019\u0131nda etkinlik d\u00fczenlendi. Etkinlikte Trafik Polisleri ve Trafik Jandarmas\u0131, g\u00f6rev s\u0131ras\u0131nda kulland\u0131klar\u0131 ara\u00e7 ve ekipmanlar\u0131 tan\u0131tarak vatanda\u015flar\u0131 bilgilendirdi. \u00d6zellikle minik \u00f6\u011frencilere y\u00f6nelik d\u00fczenlenen&#8230;<\/p>\n","protected":false},"author":1,"featured_media":27177,"comment_status":"open","ping_status":"open","sticky":false,"template":"","format":"standard","meta":{"_crdt_document":"","footnotes":""},"categories":[1],"tags":[],"class_list":["post-27176","post","type-post","status-publish","format-standard","has-post-thumbnail","hentry","category-guncel"],"_links":{"self":[{"href":"https:\/\/www.egemtv.com\/index.php?rest_route=\/wp\/v2\/posts\/27176","targetHints":{"allow":["GET"]}}],"collection":[{"href":"https:\/\/www.egemtv.com\/index.php?rest_route=\/wp\/v2\/posts"}],"about":[{"href":"https:\/\/www.egemtv.com\/index.php?rest_route=\/wp\/v2\/types\/post"}],"author":[{"embeddable":true,"href":"https:\/\/www.egemtv.com\/index.php?rest_route=\/wp\/v2\/users\/1"}],"replies":[{"embeddable":true,"href":"https:\/\/www.egemtv.com\/index.php?rest_route=%2Fwp%2Fv2%2Fcomments&post=27176"}],"version-history":[{"count":1,"href":"https:\/\/www.egemtv.com\/index.php?rest_route=\/wp\/v2\/posts\/27176\/revisions"}],"predecessor-version":[{"id":27178,"href":"https:\/\/www.egemtv.com\/index.php?rest_route=\/wp\/v2\/posts\/27176\/revisions\/27178"}],"wp:featuredmedia":[{"embeddable":true,"href":"https:\/\/www.egemtv.com\/index.php?rest_route=\/wp\/v2\/media\/27177"}],"wp:attachment":[{"href":"https:\/\/www.egemtv.com\/index.php?rest_route=%2Fwp%2Fv2%2Fmedia&parent=27176"}],"wp:term":[{"taxonomy":"category","embeddable":true,"href":"https:\/\/www.egemtv.com\/index.php?rest_route=%2Fwp%2Fv2%2Fcategories&post=27176"},{"taxonomy":"post_tag","embeddable":true,"href":"https:\/\/www.egemtv.com\/index.php?rest_route=%2Fwp%2Fv2%2Ftags&post=27176"}],"curies":[{"name":"wp","href":"https:\/\/api.w.org\/{rel}","templated":true}]}}