{"id":27173,"date":"2025-05-08T15:39:01","date_gmt":"2025-05-08T12:39:01","guid":{"rendered":"https:\/\/www.egemtv.com\/?p=27173"},"modified":"2025-05-08T15:39:08","modified_gmt":"2025-05-08T12:39:08","slug":"ak-partili-kasapoglu-izmir-ureten-bir-sehir-bir-dunya-markasi","status":"publish","type":"post","link":"https:\/\/www.egemtv.com\/?p=27173","title":{"rendered":"AK Partili Kasapo\u011flu: &#8220;\u0130zmir \u00fcreten bir \u015fehir, bir d\u00fcnya markas\u0131&#8221;"},"content":{"rendered":"<p>\u0130zmir\u2019de ger\u00e7ekle\u015fen Uluslararas\u0131 \u0130\u015fletmecilik Kongresi\u2019nde konu\u015fan AK Parti \u0130zmir Milletvekili Dr. Mehmet Kasapo\u011flu, i\u015fletmecili\u011fin \u00f6nemine dikkat \u00e7ekerek, \u0130zmir\u2019in \u00fcreten bir \u015fehir oldu\u011funa ve kongreyi k\u00fclt\u00fcrler aras\u0131 ileti\u015fimin, etkile\u015fimin g\u00fc\u00e7lendi\u011fi bir alan olarak g\u00f6rd\u00fc\u011f\u00fcn\u00fc belirtti.<br \/>\n<br \/>T\u00fcrkiye\u2019nin \u00f6nemli akademik etkinliklerinden 24. Uluslararas\u0131 \u0130\u015fletmecilik Kongresi (U\u0130K) bu y\u0131l \u0130zmir\u2019de Ya\u015far \u00dcniversitesi ve \u0130zmir Sanayici ve \u0130\u015f \u0130nsanlar\u0131 Derne\u011fi (\u0130ZS\u0130AD) i\u015f birli\u011finde, Ya\u015far \u00dcniversitesi ev sahipli\u011finde ger\u00e7ekle\u015fti. \u0130zmir \u0130ktisat Kongresi binas\u0131 toplant\u0131 salonunda ger\u00e7ekle\u015fen etkinlikte, \u00f6nceki d\u00f6nem Gen\u00e7lik ve Spor Bakan\u0131, AK Parti \u0130zmir Milletvekili Dr. Mehmet Kasapo\u011flu da a\u00e7\u0131klamalarda bulundu. Kongrenin \u0130zmir\u2019de d\u00fczenlenmesinin \u00f6nemine dikkat \u00e7eken Kasapo\u011flu, bu t\u00fcr etkinliklerde deneyimlerin etkile\u015fimin g\u00fc\u00e7lendi\u011fini s\u00f6yledi.<\/p>\n<p>&#8220;Bu \u00e7al\u0131\u015fmay\u0131 \u00e7ok k\u0131ymetli buluyorum&#8221;<br \/>\n<br \/>Kongrenin \u00f6nemine dikkat \u00e7eken AK Partili Kasapo\u011flu, &#8220;24. Uluslararas\u0131 \u0130\u015fletmecilik Kongresi hem stratejik \u00f6nemi itibariyle hem de \u015fehrimiz a\u00e7\u0131s\u0131ndan bizleri heyecanl\u0131 k\u0131lan, mutlu k\u0131lan bir \u00e7al\u0131\u015fma. Bu g\u00fczel \u00e7al\u0131\u015fman\u0131n hem i\u015fletmecilik camias\u0131 a\u00e7\u0131s\u0131ndan global manada hem de \u00fclkemiz ve \u0130zmir\u2019imiz a\u00e7\u0131s\u0131ndan hay\u0131rl\u0131 olmas\u0131n\u0131 diliyorum. Tabii ki bu t\u00fcr etkinlikler bilginin payla\u015f\u0131ld\u0131\u011f\u0131, \u00e7o\u011falt\u0131ld\u0131\u011f\u0131 ve bu \u00e7er\u00e7evede deneyimlerin, tecr\u00fcbenin \u00e7ok ciddi anlamda etkile\u015fim ald\u0131\u011f\u0131 bir \u00e7al\u0131\u015fma. Bunun uluslararas\u0131 olmas\u0131 itibar\u0131yla da hakikaten k\u00fclt\u00fcrler aras\u0131 ileti\u015fimin, etkile\u015fimin g\u00fc\u00e7lendi\u011fi bir alan. O y\u00fczden bu \u00e7al\u0131\u015fmay\u0131 \u00e7ok k\u0131ymetli buluyorum&#8221; dedi.<\/p>\n<p>&#8220;\u0130\u015fletmecilik hayat\u0131n her alan\u0131nda olan bir olgu&#8221;<br \/>\n<br \/>\u0130\u015fletmecili\u011fin dijitalle\u015fen d\u00fcnyada \u00e7ok \u00f6nemli bir konumda oldu\u011funu belirten Kasapo\u011flu, &#8220;De\u011fi\u015fimin her zamankinden daha h\u0131zl\u0131 \u015fekil ald\u0131\u011f\u0131 bir d\u00fcnyada ya\u015f\u0131yoruz. Dijitalle\u015fme, s\u00fcrd\u00fcrebilirlik, k\u00fcresel tedarik zincirleri,  uluslararas\u0131 rekabet \u015fartlar\u0131, k\u00fclt\u00fcrel \u00e7e\u015fitlilik gibi pek \u00e7ok konu i\u015fletmecilik camias\u0131 a\u00e7\u0131s\u0131ndan her zamankinden \u00e7ok \u00f6nem arz ediyor. Ve tabii hem akademik camia a\u00e7\u0131s\u0131ndan hem de i\u015f d\u00fcnyas\u0131 a\u00e7\u0131s\u0131ndan bu anlamda i\u015f birli\u011finin bug\u00fcn bu \u015fekilde var olmas\u0131 bizleri mutlu k\u0131l\u0131yor. Tabii ki i\u015fletmecilik disiplini sadece akademik camiay\u0131 etkileyen bir disiplin de\u011fil. \u0130\u015fletmecilik hayat\u0131n her alan\u0131nda olan bir olgu. \u00d6zel sekt\u00f6r\u00fcyle, kamusuyla, sivil toplumuyla, \u00f6nce de bahsedildi, sanat\u0131yla, k\u00fclt\u00fcr\u00fcyle, sporuyla, i\u015fletmecilik mant\u0131\u011f\u0131, i\u015fletmecilik disiplini en temel noktada ailede hepimiz i\u00e7in \u00e7ok ama \u00e7ok \u00f6nem arz eden, hayati derecede var olmas\u0131 gereken bir disiplin. O y\u00fczden sadece akademik cami a\u00e7\u0131s\u0131ndan de\u011fil, reel sekt\u00f6r a\u00e7\u0131s\u0131ndan da bu disiplin \u00e7ok k\u0131ymetli. Tabii ki g\u00fcn\u00fcm\u00fczde karma\u015f\u0131k ve k\u00fcresel yap\u0131s\u0131 i\u00e7in de daha stratejik hale gelen bir disiplin i\u015fletmecilik. O y\u00fczden hem i\u015f birli\u011fi hem bilgi payla\u015f\u0131m\u0131 \u00f6nemini art\u0131r\u0131yor. Bu kongrenin tam da bu noktada ger\u00e7ekle\u015fmesi farkl\u0131 \u00fclkelerden gelen akademisyenler, T\u00fcrkiye\u2019mizin birbirinden k\u0131ymetli i\u015fletmecilik camias\u0131n\u0131n mensuplar\u0131 ve bunlar\u0131n i\u015fbirli\u011fi ve tabii ki \u0130zmir sanayisi, \u0130zmir ticareti bu anlamda \u00e7ok ama \u00e7ok \u00f6zel bir \u00f6nem arz ediyor. Buradaki bu bulu\u015fma, oturumlar ve bu \u00e7er\u00e7evede var olan sunumlar; inan\u0131yorum ki k\u00fcresel \u00f6l\u00e7ekte bu disiplinin geli\u015fmesi a\u00e7\u0131s\u0131ndan ayr\u0131 bir mihenk ta\u015f\u0131 olacak. \u0130\u015fletmecilik kongresinin geli\u015fimine bakt\u0131\u011f\u0131m\u0131zda \u00f6nce b\u00f6lgesel olarak ba\u015flayan sonra ulusal noktada yeni bir kap\u0131 aralayan ve bug\u00fcn de uluslararas\u0131 olma \u00f6zelli\u011fiyle t\u00fcm d\u00fcnyay\u0131 kapsayan bir kongre. O y\u00fczden ben bu kongre s\u00fcre\u00e7lerinin 24 y\u0131ll\u0131k bir s\u00fcre\u00e7te bug\u00fcne gelmesinde eme\u011fi olan t\u00fcm camiam\u0131z mensuplar\u0131n\u0131 emek veren al\u0131n teri d\u00f6ken herkesi g\u00f6n\u00fclden tebrik ediyorum&#8221; diye konu\u015ftu.<\/p>\n<p>&#8220;\u0130zmir bir d\u00fcnya markas\u0131&#8221;<br \/>\n<br \/>\u0130zmir\u2019in ekonomik ve stratejik \u00f6nemine de de\u011finen Kasapo\u011flu, a\u00e7\u0131klamas\u0131nda \u015fu s\u00f6zlere yer verdi:<br \/>\n<br \/>&#8220;\u0130zmir \u00fcreten bir \u015fehir. \u0130zmir bir d\u00fcnya markas\u0131. Sanayisiyle, bilimiyle, tar\u0131m\u0131yla, turizmiyle,  sporuyla her alanda \u0130zmir bug\u00fcne kadar \u00f6nc\u00fc olmu\u015f bir \u015fehir. \u0130\u00e7inde bulundu\u011fumuz mekan, ekonomik ba\u011f\u0131ms\u0131zl\u0131\u011f\u0131m\u0131z\u0131 t\u00fcm d\u00fcnyaya en g\u00fc\u00e7l\u00fc \u015fekilde bir manifesto olarak hayk\u0131rd\u0131\u011f\u0131m\u0131z bir mekanday\u0131z. Bu anlamda bu kongrenin burada d\u00fczenleniyor olmas\u0131 hem bug\u00fcn\u00fcm\u00fcz a\u00e7\u0131s\u0131ndan hem yar\u0131nlar\u0131m\u0131z a\u00e7\u0131s\u0131ndan da mesajl\u0131 oluyor. O y\u00fczden \u0130zmir\u2019in bu kongreye ev sahipli\u011fi yap\u0131yor olmas\u0131 ve i\u015f d\u00fcnyas\u0131yla i\u015f birli\u011fi sadece sembolik bir i\u015f birli\u011fi de\u011fil bu noktada hissiyat\u0131 ve t\u00fcm payda\u015flar\u0131 g\u00f6n\u00fclden tebrik ediyorum. Ya\u015far \u00dcniversitesi bu anlamda ba\u015far\u0131yla y\u00fcr\u00fcm\u00fc\u015f bir \u00fcniversite. \u0130nan\u0131yorum ki \u00e7ok daha uzun y\u0131llar bilime, i\u015fletmecili\u011fe, insanl\u0131\u011fa katk\u0131 sa\u011flayacak. Bizler \u0130zmir\u2019i temsil edenler olarak, \u0130zmir\u2019in evlatlar\u0131 olarak inan\u0131yorum ki bu s\u00fcre\u00e7lerde hep birlikte el ele verece\u011fiz. Hep birlikte sinerjiyi, i\u015f birli\u011fini, karde\u015fli\u011fi, umudu ve \u00fcretimi b\u00fcy\u00fctece\u011fiz. Yar\u0131nlar\u0131m\u0131z ad\u0131na umut doluyuz. Hep birlikte bu umudu b\u00fcy\u00fctece\u011fiz.&#8221;<br \/><\/p>\n","protected":false},"excerpt":{"rendered":"<p>\u0130zmir\u2019de ger\u00e7ekle\u015fen Uluslararas\u0131 \u0130\u015fletmecilik Kongresi\u2019nde konu\u015fan AK Parti \u0130zmir Milletvekili Dr. Mehmet Kasapo\u011flu, i\u015fletmecili\u011fin \u00f6nemine dikkat \u00e7ekerek, \u0130zmir\u2019in \u00fcreten bir \u015fehir oldu\u011funa ve kongreyi k\u00fclt\u00fcrler aras\u0131 ileti\u015fimin, etkile\u015fimin g\u00fc\u00e7lendi\u011fi bir alan olarak g\u00f6rd\u00fc\u011f\u00fcn\u00fc belirtti. T\u00fcrkiye\u2019nin \u00f6nemli akademik etkinliklerinden 24. Uluslararas\u0131 \u0130\u015fletmecilik Kongresi (U\u0130K) bu y\u0131l \u0130zmir\u2019de Ya\u015far \u00dcniversitesi ve \u0130zmir Sanayici ve \u0130\u015f \u0130nsanlar\u0131 Derne\u011fi&#8230;<\/p>\n","protected":false},"author":1,"featured_media":27174,"comment_status":"open","ping_status":"open","sticky":false,"template":"","format":"standard","meta":{"_crdt_document":"","footnotes":""},"categories":[127],"tags":[],"class_list":["post-27173","post","type-post","status-publish","format-standard","has-post-thumbnail","hentry","category-siyaset"],"_links":{"self":[{"href":"https:\/\/www.egemtv.com\/index.php?rest_route=\/wp\/v2\/posts\/27173","targetHints":{"allow":["GET"]}}],"collection":[{"href":"https:\/\/www.egemtv.com\/index.php?rest_route=\/wp\/v2\/posts"}],"about":[{"href":"https:\/\/www.egemtv.com\/index.php?rest_route=\/wp\/v2\/types\/post"}],"author":[{"embeddable":true,"href":"https:\/\/www.egemtv.com\/index.php?rest_route=\/wp\/v2\/users\/1"}],"replies":[{"embeddable":true,"href":"https:\/\/www.egemtv.com\/index.php?rest_route=%2Fwp%2Fv2%2Fcomments&post=27173"}],"version-history":[{"count":1,"href":"https:\/\/www.egemtv.com\/index.php?rest_route=\/wp\/v2\/posts\/27173\/revisions"}],"predecessor-version":[{"id":27175,"href":"https:\/\/www.egemtv.com\/index.php?rest_route=\/wp\/v2\/posts\/27173\/revisions\/27175"}],"wp:featuredmedia":[{"embeddable":true,"href":"https:\/\/www.egemtv.com\/index.php?rest_route=\/wp\/v2\/media\/27174"}],"wp:attachment":[{"href":"https:\/\/www.egemtv.com\/index.php?rest_route=%2Fwp%2Fv2%2Fmedia&parent=27173"}],"wp:term":[{"taxonomy":"category","embeddable":true,"href":"https:\/\/www.egemtv.com\/index.php?rest_route=%2Fwp%2Fv2%2Fcategories&post=27173"},{"taxonomy":"post_tag","embeddable":true,"href":"https:\/\/www.egemtv.com\/index.php?rest_route=%2Fwp%2Fv2%2Ftags&post=27173"}],"curies":[{"name":"wp","href":"https:\/\/api.w.org\/{rel}","templated":true}]}}