{"id":27170,"date":"2025-05-08T15:38:55","date_gmt":"2025-05-08T12:38:55","guid":{"rendered":"https:\/\/www.egemtv.com\/?p=27170"},"modified":"2025-05-08T15:39:01","modified_gmt":"2025-05-08T12:39:01","slug":"bozdogan-myo-ogrencilerine-afet-deprem-ve-ilk-yardim-egitimi-verildi","status":"publish","type":"post","link":"https:\/\/www.egemtv.com\/?p=27170","title":{"rendered":"Bozdo\u011fan MYO \u00f6\u011frencilerine Afet, Deprem ve \u0130lk Yard\u0131m E\u011fitimi verildi"},"content":{"rendered":"<p>Bozdo\u011fan Meslek Y\u00fcksekokulunda (MYO) \u2019Afet Y\u00f6netimi, Deprem ve \u0130lk Yard\u0131m E\u011fitimi\u2019 ger\u00e7ekle\u015ftirildi.<\/p>\n<p>E\u011fitim; \u0130nsan Kaynaklar\u0131 ve E\u011fitim M\u00fcd\u00fcr\u00fc Y\u0131ld\u0131ray Topalo\u011flu, Afet ve \u0130lk Yard\u0131m E\u011fitmeni Uzay Tok, Nazilli Belediyesi Afet ve Acil Durum Ekibi (NAFAD) \u00dcyesi Serkan Uzkut taraf\u0131ndan verildi. Programda, afet \u00f6ncesi planlama, kriz an\u0131nda do\u011fru karar verme ve acil durumlarda uygulanabilecek ilk yard\u0131m m\u00fcdahaleleri ele al\u0131nd\u0131. \u00d6\u011frenciler, uygulamal\u0131 anlat\u0131mlarla afet an\u0131nda nas\u0131l davranmalar\u0131 gerekti\u011fini \u00f6\u011frenme f\u0131rsat\u0131 buldu. \u0130lk yard\u0131m teknikleri, ya\u015fam \u00fc\u00e7geni olu\u015fturma ve afet \u00e7antas\u0131 haz\u0131rlama gibi konular ilgiyle takip edildi.<\/p>\n<p>MYO Konferans Salonu\u2019nda d\u00fczenlenen toplant\u0131ya, \u00f6\u011frencilerin yan\u0131 s\u0131ra Bozdo\u011fan MYO M\u00fcd\u00fcr Yard\u0131mc\u0131s\u0131 \u00d6\u011fr. G\u00f6r. Dr. Tayfun \u015eahin ile \u00d6\u011fr. G\u00f6r. Dr. Sema Midilli kat\u0131ld\u0131.<br \/><\/p>\n","protected":false},"excerpt":{"rendered":"<p>Bozdo\u011fan Meslek Y\u00fcksekokulunda (MYO) \u2019Afet Y\u00f6netimi, Deprem ve \u0130lk Yard\u0131m E\u011fitimi\u2019 ger\u00e7ekle\u015ftirildi. E\u011fitim; \u0130nsan Kaynaklar\u0131 ve E\u011fitim M\u00fcd\u00fcr\u00fc Y\u0131ld\u0131ray Topalo\u011flu, Afet ve \u0130lk Yard\u0131m E\u011fitmeni Uzay Tok, Nazilli Belediyesi Afet ve Acil Durum Ekibi (NAFAD) \u00dcyesi Serkan Uzkut taraf\u0131ndan verildi. Programda, afet \u00f6ncesi planlama, kriz an\u0131nda do\u011fru karar verme ve acil durumlarda uygulanabilecek ilk yard\u0131m&#8230;<\/p>\n","protected":false},"author":1,"featured_media":27171,"comment_status":"open","ping_status":"open","sticky":false,"template":"","format":"standard","meta":{"_crdt_document":"","footnotes":""},"categories":[1],"tags":[],"class_list":["post-27170","post","type-post","status-publish","format-standard","has-post-thumbnail","hentry","category-guncel"],"_links":{"self":[{"href":"https:\/\/www.egemtv.com\/index.php?rest_route=\/wp\/v2\/posts\/27170","targetHints":{"allow":["GET"]}}],"collection":[{"href":"https:\/\/www.egemtv.com\/index.php?rest_route=\/wp\/v2\/posts"}],"about":[{"href":"https:\/\/www.egemtv.com\/index.php?rest_route=\/wp\/v2\/types\/post"}],"author":[{"embeddable":true,"href":"https:\/\/www.egemtv.com\/index.php?rest_route=\/wp\/v2\/users\/1"}],"replies":[{"embeddable":true,"href":"https:\/\/www.egemtv.com\/index.php?rest_route=%2Fwp%2Fv2%2Fcomments&post=27170"}],"version-history":[{"count":1,"href":"https:\/\/www.egemtv.com\/index.php?rest_route=\/wp\/v2\/posts\/27170\/revisions"}],"predecessor-version":[{"id":27172,"href":"https:\/\/www.egemtv.com\/index.php?rest_route=\/wp\/v2\/posts\/27170\/revisions\/27172"}],"wp:featuredmedia":[{"embeddable":true,"href":"https:\/\/www.egemtv.com\/index.php?rest_route=\/wp\/v2\/media\/27171"}],"wp:attachment":[{"href":"https:\/\/www.egemtv.com\/index.php?rest_route=%2Fwp%2Fv2%2Fmedia&parent=27170"}],"wp:term":[{"taxonomy":"category","embeddable":true,"href":"https:\/\/www.egemtv.com\/index.php?rest_route=%2Fwp%2Fv2%2Fcategories&post=27170"},{"taxonomy":"post_tag","embeddable":true,"href":"https:\/\/www.egemtv.com\/index.php?rest_route=%2Fwp%2Fv2%2Ftags&post=27170"}],"curies":[{"name":"wp","href":"https:\/\/api.w.org\/{rel}","templated":true}]}}