{"id":27164,"date":"2025-05-08T14:56:04","date_gmt":"2025-05-08T11:56:04","guid":{"rendered":"https:\/\/www.egemtv.com\/?p=27164"},"modified":"2025-05-08T14:56:10","modified_gmt":"2025-05-08T11:56:10","slug":"kazada-hayatini-kaybeden-belediye-iscisi-topraga-verildi","status":"publish","type":"post","link":"https:\/\/www.egemtv.com\/?p=27164","title":{"rendered":"Kazada hayat\u0131n\u0131 kaybeden belediye i\u015f\u00e7isi topra\u011fa verildi"},"content":{"rendered":"<p>Ayd\u0131n\u2019\u0131n S\u00f6ke il\u00e7esinde temizlik i\u015fi yaparken ba\u015fka bir arac\u0131n \u00e7arpmas\u0131 sonucu hayat\u0131n\u0131 kaybeden S\u00f6ke Belediyesi temizlik \u0130\u015fleri Personeli Mehmet \u00d6z, son yolculu\u011funa u\u011furlan\u0131rken, mesai arkada\u015flar\u0131 da bas\u0131n a\u00e7\u0131klamas\u0131nda bulundu.<\/p>\n<p>S\u00f6ke Belediyesi Temizlik \u0130\u015fleri M\u00fcd\u00fcrl\u00fc\u011f\u00fc\u2019nde g\u00f6revli i\u015f\u00e7iler, mesai arkada\u015flar\u0131 Mehmet \u00d6z\u2019\u00fcn trafik kazas\u0131nda hayat\u0131n\u0131 kaybetmesinin ard\u0131ndan \u015fantiye alan\u0131nda anlaml\u0131 bir bas\u0131n a\u00e7\u0131klamas\u0131nda bulundu.<\/p>\n<p>7 May\u0131s 2025 \u00c7ar\u015famba g\u00fcn\u00fc saat 17.00 sular\u0131nda g\u00f6rev ba\u015f\u0131ndayken ge\u00e7irdi\u011fi elim kaza sonucu ya\u015fam\u0131n\u0131 yitiren Mehmet \u00d6z, mesai arkada\u015flar\u0131 taraf\u0131ndan &#8220;g\u00f6rev \u015fehidi&#8221; olarak an\u0131ld\u0131. Kazaya, kurallar\u0131 hi\u00e7e sayan bir s\u00fcr\u00fcc\u00fcn\u00fcn neden oldu\u011fu belirtildi.<\/p>\n<p>Yap\u0131lan a\u00e7\u0131klamada; &#8220;07.05.2025 tarihinde saat 17.00 sular\u0131nda meydana gelen trafik kazas\u0131nda Mehmet \u00d6z arkada\u015f\u0131m\u0131z\u0131 kaybettik. Kurals\u0131z, \u2018trafik canavar\u0131\u2019 olarak tabir etti\u011fimiz bir kullan\u0131c\u0131 taraf\u0131ndan, g\u00f6revi ba\u015f\u0131ndayken hayat\u0131n\u0131 kaybetti. O bizim g\u00f6rev \u015fehidimizdir&#8221; denildi.<\/p>\n<p>&#8220;\u0130\u015f\u00e7iler, s\u00fcr\u00fcc\u00fcleri daha duyarl\u0131 olmaya \u00e7a\u011f\u0131rd\u0131&#8221;<br \/>\n<br \/>Yap\u0131lan a\u00e7\u0131klaman\u0131n devam\u0131nda \u015fu s\u00f6zlere yer verildi; &#8220;Ya\u011fmur, \u00e7amur, so\u011fuk s\u0131cak demeden t\u00fcm hava \u015fartlar\u0131nda g\u00f6revimizi yerine getiriyoruz. Ancak trafikte ve \u00e7al\u0131\u015f\u0131rken hor g\u00f6r\u00fcl\u00fcyor, zaman zaman tehlikeye at\u0131l\u0131yoruz. S\u00fcr\u00fcc\u00fclerden ve S\u00f6ke halk\u0131ndan tek iste\u011fimiz; bize sayg\u0131 g\u00f6sterilmesi ve daha dikkatli olunmas\u0131. Bir can daha kaybetmemek i\u00e7in bu trafik ter\u00f6r\u00fcn\u00fc \u015fiddetle k\u0131n\u0131yoruz. De\u011ferli mesai arkada\u015f\u0131m\u0131z Mehmet abimize Allah\u2019tan rahmet, k\u0131ymetli ailesine ba\u015fsa\u011fl\u0131\u011f\u0131 diliyoruz. Seni unutmayaca\u011f\u0131z&#8221;<\/p>\n<p>Belediye-\u0130\u015f Ayd\u0131n il Ba\u015fkan\u0131 Hidayet Yaman ise yapt\u0131\u011f\u0131 a\u00e7\u0131klamada; &#8220;Yastay\u0131z ve \u00e7ok \u00fczg\u00fcn\u00fcz. Kamera g\u00f6r\u00fcnt\u00fclerini izledi\u011fimizde bir trafik canavar\u0131n\u0131n sebep oldu\u011fu \u00f6l\u00fcme \u015fahit olduk. \u0130\u015f\u00e7i arkada\u015flar\u0131m\u0131z\u0131n da belirtti\u011fi gibi onlar ya\u011fmur, \u00e7amur, so\u011fuk, s\u0131cak demeden her \u015fartta; mikroplar\u0131 daha ilk ba\u015f\u0131nda, yerinde temizleyen, yok eden hekimler. Halk\u0131m\u0131z ve S\u00fcr\u00fcc\u00fclerin, t\u00fcm halk\u0131n temizlik i\u015f\u00e7ilerine kar\u015f\u0131 daha duyarl\u0131 olmalar\u0131n\u0131, anlay\u0131\u015f g\u00f6stermelerini bekliyoruz. Bu bas\u0131n a\u00e7\u0131klamas\u0131n\u0131 da i\u015f\u00e7ilerimizin talebi \u00fczerine fark\u0131ndal\u0131k olu\u015fturmak i\u00e7in yapt\u0131k. Dile\u011fimiz temennimiz bu son olsun, bir daha b\u00f6ylesi bir ac\u0131 ya\u015fanmas\u0131n&#8221; dedi.<\/p>\n<p>&#8220;Cenaze Temizlik Ara\u00e7lar\u0131 Konvoyu ile \u015fantiyeye getirildi&#8221;<br \/>\n<br \/>Merhum i\u015f\u00e7i Mehmet \u00d6z\u2019\u00fcn cenazesi S\u00f6ke Fehime Faik Kocag\u00f6z Devlet Hastanesi\u2019nden al\u0131narak, temizlik ara\u00e7lar\u0131ndan olu\u015fan konvoy ile S\u00f6ke Belediyesi \u015eantiye alan\u0131na getirildi. S\u00f6ke Belediye Ba\u015fkan\u0131 Dr. Mustafa \u0130berya Ar\u0131kan, Belediye Ba\u015fkan Yard\u0131mc\u0131lar\u0131, belediye b\u00fcrokratlar\u0131 ve i\u015f\u00e7ileri taraf\u0131ndan dua edilirken helallik al\u0131nd\u0131. Ard\u0131ndan Burunk\u00f6y Mahallesi Camiine ge\u00e7ildi. S\u00f6ke Belediyesi i\u015f\u00e7isi Mehmet \u00d6z \u00f6\u011fle namaz\u0131na m\u00fcteakip k\u0131l\u0131nan cenaze namaz\u0131 sonras\u0131 g\u00f6zya\u015flar\u0131 i\u00e7erisinde son yolculu\u011funa u\u011furland\u0131.<br \/><\/p>\n","protected":false},"excerpt":{"rendered":"<p>Ayd\u0131n\u2019\u0131n S\u00f6ke il\u00e7esinde temizlik i\u015fi yaparken ba\u015fka bir arac\u0131n \u00e7arpmas\u0131 sonucu hayat\u0131n\u0131 kaybeden S\u00f6ke Belediyesi temizlik \u0130\u015fleri Personeli Mehmet \u00d6z, son yolculu\u011funa u\u011furlan\u0131rken, mesai arkada\u015flar\u0131 da bas\u0131n a\u00e7\u0131klamas\u0131nda bulundu. S\u00f6ke Belediyesi Temizlik \u0130\u015fleri M\u00fcd\u00fcrl\u00fc\u011f\u00fc\u2019nde g\u00f6revli i\u015f\u00e7iler, mesai arkada\u015flar\u0131 Mehmet \u00d6z\u2019\u00fcn trafik kazas\u0131nda hayat\u0131n\u0131 kaybetmesinin ard\u0131ndan \u015fantiye alan\u0131nda anlaml\u0131 bir bas\u0131n a\u00e7\u0131klamas\u0131nda bulundu. 7 May\u0131s 2025&#8230;<\/p>\n","protected":false},"author":1,"featured_media":27165,"comment_status":"open","ping_status":"open","sticky":false,"template":"","format":"standard","meta":{"_crdt_document":"","footnotes":""},"categories":[1],"tags":[],"class_list":["post-27164","post","type-post","status-publish","format-standard","has-post-thumbnail","hentry","category-guncel"],"_links":{"self":[{"href":"https:\/\/www.egemtv.com\/index.php?rest_route=\/wp\/v2\/posts\/27164","targetHints":{"allow":["GET"]}}],"collection":[{"href":"https:\/\/www.egemtv.com\/index.php?rest_route=\/wp\/v2\/posts"}],"about":[{"href":"https:\/\/www.egemtv.com\/index.php?rest_route=\/wp\/v2\/types\/post"}],"author":[{"embeddable":true,"href":"https:\/\/www.egemtv.com\/index.php?rest_route=\/wp\/v2\/users\/1"}],"replies":[{"embeddable":true,"href":"https:\/\/www.egemtv.com\/index.php?rest_route=%2Fwp%2Fv2%2Fcomments&post=27164"}],"version-history":[{"count":1,"href":"https:\/\/www.egemtv.com\/index.php?rest_route=\/wp\/v2\/posts\/27164\/revisions"}],"predecessor-version":[{"id":27166,"href":"https:\/\/www.egemtv.com\/index.php?rest_route=\/wp\/v2\/posts\/27164\/revisions\/27166"}],"wp:featuredmedia":[{"embeddable":true,"href":"https:\/\/www.egemtv.com\/index.php?rest_route=\/wp\/v2\/media\/27165"}],"wp:attachment":[{"href":"https:\/\/www.egemtv.com\/index.php?rest_route=%2Fwp%2Fv2%2Fmedia&parent=27164"}],"wp:term":[{"taxonomy":"category","embeddable":true,"href":"https:\/\/www.egemtv.com\/index.php?rest_route=%2Fwp%2Fv2%2Fcategories&post=27164"},{"taxonomy":"post_tag","embeddable":true,"href":"https:\/\/www.egemtv.com\/index.php?rest_route=%2Fwp%2Fv2%2Ftags&post=27164"}],"curies":[{"name":"wp","href":"https:\/\/api.w.org\/{rel}","templated":true}]}}