{"id":27161,"date":"2025-05-08T14:36:43","date_gmt":"2025-05-08T11:36:43","guid":{"rendered":"https:\/\/www.egemtv.com\/?p=27161"},"modified":"2025-05-08T14:36:49","modified_gmt":"2025-05-08T11:36:49","slug":"afsu-eczacilik-ogrencileri-suhutta-tarih-ve-kulturle-bulustu","status":"publish","type":"post","link":"https:\/\/www.egemtv.com\/?p=27161","title":{"rendered":"AFS\u00dc Eczac\u0131l\u0131k \u00d6\u011frencileri \u015euhut\u2019ta tarih ve k\u00fclt\u00fcrle bulu\u015ftu"},"content":{"rendered":"<p>Afyonkarahisar Sa\u011fl\u0131k Bilimleri \u00dcniversitesi Eczac\u0131l\u0131k Fak\u00fcltesi 5. s\u0131n\u0131f \u00f6\u011frencileri, \u015euhut Ke\u015fkek Evi ve Atat\u00fcrk Evi\u2019ni ziyaret ederek il\u00e7enin k\u00fclt\u00fcrel ve tarihi miras\u0131n\u0131 yak\u0131ndan tan\u0131d\u0131.<br \/>\n<br \/>Afyonkarahisar Sa\u011fl\u0131k Bilimleri \u00dcniversitesi (AFS\u00dc) Eczac\u0131l\u0131k Fak\u00fcltesi 5. s\u0131n\u0131f \u00f6\u011frencileri, \u015euhut il\u00e7esine d\u00fczenlenen k\u00fclt\u00fcrel gezi kapsam\u0131nda \u00f6nemli ziyaretlerde bulundu. Fak\u00fclte Dekan\u0131 Prof. Dr. Cengiz Sar\u0131k\u00fcrkc\u00fc, Do\u00e7. Dr. B\u00fclent K\u0131rkan, Dr. \u00d6\u011fr. \u00dcyesi Fatma \u00d6zlem Karg\u0131n Solmaz ve Fak\u00fclte Sekreteri Yasemin Balta\u2019n\u0131n da kat\u0131l\u0131m\u0131yla ger\u00e7ekle\u015fen gezide, \u00f6\u011frenciler hem y\u00f6resel lezzetlerle tan\u0131\u015ft\u0131 hem de tarihi bir yolculu\u011fa \u00e7\u0131kt\u0131. \u0130lk olarak \u015euhut Ke\u015fkek Evi\u2019ni ziyaret eden \u00f6\u011frencilere, il\u00e7enin co\u011frafi i\u015faretli y\u00f6resel yeme\u011fi olan ke\u015fke\u011fin ikram\u0131 yap\u0131ld\u0131. Burada yerel k\u00fclt\u00fcre dair bilgiler de alan \u00f6\u011frenciler, ard\u0131ndan \u015euhut Atat\u00fcrk Evi\u2019ni ziyaret etti. Tarihi atmosferiyle dikkat \u00e7eken Atat\u00fcrk Evi\u2019nde duygusal anlar ya\u015fayan \u00f6\u011frenciler, Kurtulu\u015f Sava\u015f\u0131\u2019n\u0131n izlerini yerinde g\u00f6rmenin heyecan\u0131n\u0131 ya\u015fad\u0131. Ziyaretler, g\u00fcn\u00fcn an\u0131s\u0131na \u00e7ekilen toplu hat\u0131ra foto\u011fraf\u0131 ile sona erdi.<br \/><\/p>\n","protected":false},"excerpt":{"rendered":"<p>Afyonkarahisar Sa\u011fl\u0131k Bilimleri \u00dcniversitesi Eczac\u0131l\u0131k Fak\u00fcltesi 5. s\u0131n\u0131f \u00f6\u011frencileri, \u015euhut Ke\u015fkek Evi ve Atat\u00fcrk Evi\u2019ni ziyaret ederek il\u00e7enin k\u00fclt\u00fcrel ve tarihi miras\u0131n\u0131 yak\u0131ndan tan\u0131d\u0131. Afyonkarahisar Sa\u011fl\u0131k Bilimleri \u00dcniversitesi (AFS\u00dc) Eczac\u0131l\u0131k Fak\u00fcltesi 5. s\u0131n\u0131f \u00f6\u011frencileri, \u015euhut il\u00e7esine d\u00fczenlenen k\u00fclt\u00fcrel gezi kapsam\u0131nda \u00f6nemli ziyaretlerde bulundu. Fak\u00fclte Dekan\u0131 Prof. Dr. Cengiz Sar\u0131k\u00fcrkc\u00fc, Do\u00e7. Dr. B\u00fclent K\u0131rkan, Dr. \u00d6\u011fr&#8230;.<\/p>\n","protected":false},"author":1,"featured_media":27162,"comment_status":"open","ping_status":"open","sticky":false,"template":"","format":"standard","meta":{"_crdt_document":"","footnotes":""},"categories":[1],"tags":[],"class_list":["post-27161","post","type-post","status-publish","format-standard","has-post-thumbnail","hentry","category-guncel"],"_links":{"self":[{"href":"https:\/\/www.egemtv.com\/index.php?rest_route=\/wp\/v2\/posts\/27161","targetHints":{"allow":["GET"]}}],"collection":[{"href":"https:\/\/www.egemtv.com\/index.php?rest_route=\/wp\/v2\/posts"}],"about":[{"href":"https:\/\/www.egemtv.com\/index.php?rest_route=\/wp\/v2\/types\/post"}],"author":[{"embeddable":true,"href":"https:\/\/www.egemtv.com\/index.php?rest_route=\/wp\/v2\/users\/1"}],"replies":[{"embeddable":true,"href":"https:\/\/www.egemtv.com\/index.php?rest_route=%2Fwp%2Fv2%2Fcomments&post=27161"}],"version-history":[{"count":1,"href":"https:\/\/www.egemtv.com\/index.php?rest_route=\/wp\/v2\/posts\/27161\/revisions"}],"predecessor-version":[{"id":27163,"href":"https:\/\/www.egemtv.com\/index.php?rest_route=\/wp\/v2\/posts\/27161\/revisions\/27163"}],"wp:featuredmedia":[{"embeddable":true,"href":"https:\/\/www.egemtv.com\/index.php?rest_route=\/wp\/v2\/media\/27162"}],"wp:attachment":[{"href":"https:\/\/www.egemtv.com\/index.php?rest_route=%2Fwp%2Fv2%2Fmedia&parent=27161"}],"wp:term":[{"taxonomy":"category","embeddable":true,"href":"https:\/\/www.egemtv.com\/index.php?rest_route=%2Fwp%2Fv2%2Fcategories&post=27161"},{"taxonomy":"post_tag","embeddable":true,"href":"https:\/\/www.egemtv.com\/index.php?rest_route=%2Fwp%2Fv2%2Ftags&post=27161"}],"curies":[{"name":"wp","href":"https:\/\/api.w.org\/{rel}","templated":true}]}}