{"id":27158,"date":"2025-05-08T14:36:37","date_gmt":"2025-05-08T11:36:37","guid":{"rendered":"https:\/\/www.egemtv.com\/?p=27158"},"modified":"2025-05-08T14:36:43","modified_gmt":"2025-05-08T11:36:43","slug":"incirliova-belediyesinden-ucretsiz-yol-tamirati-destegi","status":"publish","type":"post","link":"https:\/\/www.egemtv.com\/?p=27158","title":{"rendered":"\u0130ncirliova Belediyesi\u2019nden \u00fccretsiz yol tamirat\u0131 deste\u011fi"},"content":{"rendered":"<p>\u0130ncirliova Belediyesi, do\u011falgaz altyap\u0131 \u00e7al\u0131\u015fmalar\u0131 kapsam\u0131nda bozulan yollar\u0131n tamirat\u0131, bak\u0131m\u0131 ve yenilenmesi i\u00e7in hummal\u0131 bir \u00e7al\u0131\u015fma y\u00fcr\u00fct\u00fcrken, do\u011falgaza ge\u00e7i\u015f s\u00fcrecinde yol tamiratlar\u0131n\u0131 \u00fccretsiz ger\u00e7ekle\u015ftirerek vatanda\u015flar\u0131n maddi y\u00fck\u00fcn\u00fc hafifletmek istediklerini belirtti.<\/p>\n<p>\u0130ncirliova Belediye Ba\u015fkan\u0131 Aytekin Kaya, H\u00fcrriyet Mahallesi\u2019nde devam eden \u00e7al\u0131\u015fmalar\u0131 mahalle muhtar\u0131 Tuncay Y\u0131ld\u0131zer ile birlikte yerinde inceledi.<\/p>\n<p>\u0130ncirliova Belediye Ba\u015fkan\u0131 Aytekin Kaya il\u00e7ede do\u011falgaz\u0131n yayg\u0131nla\u015fmas\u0131 ad\u0131na her t\u00fcrl\u00fc deste\u011fi vermeye devam ettiklerini kaydederek, &#8220;Bir\u00e7ok belediyenin \u00fccretli yapt\u0131\u011f\u0131 yol tamiratlar\u0131n\u0131 biz vatanda\u015flar\u0131m\u0131z i\u00e7in \u00fccretsiz ger\u00e7ekle\u015ftiriyoruz. Bu sayede do\u011falgaza ge\u00e7i\u015f s\u00fcrecindeki maddi y\u00fck\u00fc hafifletmi\u015f oluyoruz&#8221; dedi.<\/p>\n<p>H\u00fcrriyet Mahallesi\u2019nde do\u011falgaz hatt\u0131 d\u00f6\u015feme \u00e7al\u0131\u015fmalar\u0131n\u0131n ard\u0131ndan yollar\u0131n en k\u0131sa s\u00fcrede yenilenece\u011fini belirten Ba\u015fkan Kaya, &#8220;\u0130stasyon \u00fcst\u00fc mahallelerimizden H\u00fcrriyet Mahallemizde devam eden do\u011falgaz altyap\u0131 \u00e7al\u0131\u015fmalar\u0131 nedeniyle bozulan yollar\u0131m\u0131z\u0131n tamirat, bak\u0131m ve yenileme \u00e7al\u0131\u015fmalar\u0131n\u0131 mahalle muhtar\u0131m\u0131z Tuncay Y\u0131ld\u0131zer ile birlikte yerinde inceledik. Do\u011falgaz\u0131n il\u00e7emizde yayg\u0131nla\u015fmas\u0131 ve \u00e7al\u0131\u015fmalar\u0131n h\u0131zl\u0131 bir \u015fekilde devam etmesi i\u00e7in bug\u00fcne kadar oldu\u011fu gibi bug\u00fcn de \u00fczerimize d\u00fc\u015fen ne varsa yapmaya devam ediyoruz. Bir \u00e7ok belediyenin \u00fccretli yapt\u0131\u011f\u0131 tamiratlar\u0131 \u00fccretsiz ger\u00e7ekle\u015ftirerek vatanda\u015flar\u0131m\u0131z\u0131n do\u011falgaza ge\u00e7i\u015flerinin maddi y\u00fck\u00fcn\u00fc hafifletiyoruz. Mahallemizde do\u011falgaz \u00e7al\u0131\u015fmalar\u0131n\u0131n ard\u0131ndan yenilenecek olan yollar\u0131m\u0131z\u0131n yeniden bozulmamas\u0131 i\u00e7in, vatanda\u015flar\u0131m\u0131z\u0131n do\u011falgaz taleplerini m\u00fcmk\u00fcn olan en k\u0131sa zamanda olu\u015fturarak, hanelerinin do\u011falgaz ba\u011flant\u0131lar\u0131n\u0131 ger\u00e7ekle\u015ftirmelerini \u00f6nemle rica ediyorum&#8221; ifadelerini kulland\u0131.<br \/><\/p>\n","protected":false},"excerpt":{"rendered":"<p>\u0130ncirliova Belediyesi, do\u011falgaz altyap\u0131 \u00e7al\u0131\u015fmalar\u0131 kapsam\u0131nda bozulan yollar\u0131n tamirat\u0131, bak\u0131m\u0131 ve yenilenmesi i\u00e7in hummal\u0131 bir \u00e7al\u0131\u015fma y\u00fcr\u00fct\u00fcrken, do\u011falgaza ge\u00e7i\u015f s\u00fcrecinde yol tamiratlar\u0131n\u0131 \u00fccretsiz ger\u00e7ekle\u015ftirerek vatanda\u015flar\u0131n maddi y\u00fck\u00fcn\u00fc hafifletmek istediklerini belirtti. \u0130ncirliova Belediye Ba\u015fkan\u0131 Aytekin Kaya, H\u00fcrriyet Mahallesi\u2019nde devam eden \u00e7al\u0131\u015fmalar\u0131 mahalle muhtar\u0131 Tuncay Y\u0131ld\u0131zer ile birlikte yerinde inceledi. \u0130ncirliova Belediye Ba\u015fkan\u0131 Aytekin Kaya il\u00e7ede do\u011falgaz\u0131n&#8230;<\/p>\n","protected":false},"author":1,"featured_media":27159,"comment_status":"open","ping_status":"open","sticky":false,"template":"","format":"standard","meta":{"_crdt_document":"","footnotes":""},"categories":[1],"tags":[],"class_list":["post-27158","post","type-post","status-publish","format-standard","has-post-thumbnail","hentry","category-guncel"],"_links":{"self":[{"href":"https:\/\/www.egemtv.com\/index.php?rest_route=\/wp\/v2\/posts\/27158","targetHints":{"allow":["GET"]}}],"collection":[{"href":"https:\/\/www.egemtv.com\/index.php?rest_route=\/wp\/v2\/posts"}],"about":[{"href":"https:\/\/www.egemtv.com\/index.php?rest_route=\/wp\/v2\/types\/post"}],"author":[{"embeddable":true,"href":"https:\/\/www.egemtv.com\/index.php?rest_route=\/wp\/v2\/users\/1"}],"replies":[{"embeddable":true,"href":"https:\/\/www.egemtv.com\/index.php?rest_route=%2Fwp%2Fv2%2Fcomments&post=27158"}],"version-history":[{"count":1,"href":"https:\/\/www.egemtv.com\/index.php?rest_route=\/wp\/v2\/posts\/27158\/revisions"}],"predecessor-version":[{"id":27160,"href":"https:\/\/www.egemtv.com\/index.php?rest_route=\/wp\/v2\/posts\/27158\/revisions\/27160"}],"wp:featuredmedia":[{"embeddable":true,"href":"https:\/\/www.egemtv.com\/index.php?rest_route=\/wp\/v2\/media\/27159"}],"wp:attachment":[{"href":"https:\/\/www.egemtv.com\/index.php?rest_route=%2Fwp%2Fv2%2Fmedia&parent=27158"}],"wp:term":[{"taxonomy":"category","embeddable":true,"href":"https:\/\/www.egemtv.com\/index.php?rest_route=%2Fwp%2Fv2%2Fcategories&post=27158"},{"taxonomy":"post_tag","embeddable":true,"href":"https:\/\/www.egemtv.com\/index.php?rest_route=%2Fwp%2Fv2%2Ftags&post=27158"}],"curies":[{"name":"wp","href":"https:\/\/api.w.org\/{rel}","templated":true}]}}