{"id":27155,"date":"2025-05-08T14:36:28","date_gmt":"2025-05-08T11:36:28","guid":{"rendered":"https:\/\/www.egemtv.com\/?p=27155"},"modified":"2025-05-08T14:36:37","modified_gmt":"2025-05-08T11:36:37","slug":"seydikemerde-trafik-kazasi-5-yarali","status":"publish","type":"post","link":"https:\/\/www.egemtv.com\/?p=27155","title":{"rendered":"Seydikemer\u2019de trafik kazas\u0131: 5 yaral\u0131"},"content":{"rendered":"<p>Mu\u011fla\u2019n\u0131n Seydikemer il\u00e7esinde meydana gelen trafik kazas\u0131nda iki otomobilin \u00e7arp\u0131\u015fmas\u0131 sonucu 5 ki\u015fi yaraland\u0131.<\/p>\n<p>Kaza, Yayla Ceylan Mahallesi\u2019nde, Seki-Elmal\u0131 karayolunda ger\u00e7ekle\u015fti. Edinilen bilgiye g\u00f6re, B.D. y\u00f6netimindeki 48 FG 482 plakal\u0131 otomobil ile Y.Y. idaresindeki 48 FC 707 plakal\u0131 otomobil \u00e7arp\u0131\u015ft\u0131. \u00c7arp\u0131\u015fman\u0131n etkisiyle Y.Y.\u2019nin kulland\u0131\u011f\u0131 ara\u00e7ta bulunan E.K., H.K., Z.Y. ve A.Y. isimli yolcular yaraland\u0131. Kazay\u0131 g\u00f6ren \u00e7evredeki vatanda\u015flar durumu hemen 112 Acil \u00c7a\u011fr\u0131 Merkezi\u2019ne bildirdi. \u0130hbar \u00fczerine olay yerine sa\u011fl\u0131k ve jandarma ekipleri sevk edildi. Yaral\u0131lar, ilk m\u00fcdahalelerinin ard\u0131ndan ambulanslarla Seydikemer Devlet Hastanesi\u2019ne kald\u0131r\u0131ld\u0131.<\/p>\n<p>Kazayla ilgili soru\u015fturma ba\u015flat\u0131ld\u0131.<br \/><\/p>\n","protected":false},"excerpt":{"rendered":"<p>Mu\u011fla\u2019n\u0131n Seydikemer il\u00e7esinde meydana gelen trafik kazas\u0131nda iki otomobilin \u00e7arp\u0131\u015fmas\u0131 sonucu 5 ki\u015fi yaraland\u0131. Kaza, Yayla Ceylan Mahallesi\u2019nde, Seki-Elmal\u0131 karayolunda ger\u00e7ekle\u015fti. Edinilen bilgiye g\u00f6re, B.D. y\u00f6netimindeki 48 FG 482 plakal\u0131 otomobil ile Y.Y. idaresindeki 48 FC 707 plakal\u0131 otomobil \u00e7arp\u0131\u015ft\u0131. \u00c7arp\u0131\u015fman\u0131n etkisiyle Y.Y.\u2019nin kulland\u0131\u011f\u0131 ara\u00e7ta bulunan E.K., H.K., Z.Y. ve A.Y. isimli yolcular yaraland\u0131. Kazay\u0131&#8230;<\/p>\n","protected":false},"author":1,"featured_media":27156,"comment_status":"open","ping_status":"open","sticky":false,"template":"","format":"standard","meta":{"_crdt_document":"","footnotes":""},"categories":[5],"tags":[],"class_list":["post-27155","post","type-post","status-publish","format-standard","has-post-thumbnail","hentry","category-asayis"],"_links":{"self":[{"href":"https:\/\/www.egemtv.com\/index.php?rest_route=\/wp\/v2\/posts\/27155","targetHints":{"allow":["GET"]}}],"collection":[{"href":"https:\/\/www.egemtv.com\/index.php?rest_route=\/wp\/v2\/posts"}],"about":[{"href":"https:\/\/www.egemtv.com\/index.php?rest_route=\/wp\/v2\/types\/post"}],"author":[{"embeddable":true,"href":"https:\/\/www.egemtv.com\/index.php?rest_route=\/wp\/v2\/users\/1"}],"replies":[{"embeddable":true,"href":"https:\/\/www.egemtv.com\/index.php?rest_route=%2Fwp%2Fv2%2Fcomments&post=27155"}],"version-history":[{"count":1,"href":"https:\/\/www.egemtv.com\/index.php?rest_route=\/wp\/v2\/posts\/27155\/revisions"}],"predecessor-version":[{"id":27157,"href":"https:\/\/www.egemtv.com\/index.php?rest_route=\/wp\/v2\/posts\/27155\/revisions\/27157"}],"wp:featuredmedia":[{"embeddable":true,"href":"https:\/\/www.egemtv.com\/index.php?rest_route=\/wp\/v2\/media\/27156"}],"wp:attachment":[{"href":"https:\/\/www.egemtv.com\/index.php?rest_route=%2Fwp%2Fv2%2Fmedia&parent=27155"}],"wp:term":[{"taxonomy":"category","embeddable":true,"href":"https:\/\/www.egemtv.com\/index.php?rest_route=%2Fwp%2Fv2%2Fcategories&post=27155"},{"taxonomy":"post_tag","embeddable":true,"href":"https:\/\/www.egemtv.com\/index.php?rest_route=%2Fwp%2Fv2%2Ftags&post=27155"}],"curies":[{"name":"wp","href":"https:\/\/api.w.org\/{rel}","templated":true}]}}