{"id":27152,"date":"2025-05-08T14:36:22","date_gmt":"2025-05-08T11:36:22","guid":{"rendered":"https:\/\/www.egemtv.com\/?p=27152"},"modified":"2025-05-08T14:36:27","modified_gmt":"2025-05-08T11:36:27","slug":"sultanhisarda-festival-dans-sovlari-ve-konser-ile-basladi","status":"publish","type":"post","link":"https:\/\/www.egemtv.com\/?p=27152","title":{"rendered":"Sultanhisar\u2019da festival, dans \u015fovlar\u0131 ve konser ile ba\u015flad\u0131"},"content":{"rendered":"<p>Ayd\u0131n\u2019\u0131n Sultanhisar il\u00e7esinde bu y\u0131l 53.\u2019s\u00fc d\u00fczenlenen Uluslararas\u0131 Sultanhisar At\u00e7a Nysa \u00c7ilek Tar\u0131m K\u00fclt\u00fcr ve Sanat Festivali, dans \u015fovlar\u0131 ve konser ile ba\u015flad\u0131.<\/p>\n<p>1940\u2019l\u0131 y\u0131llarda \u2019Portakal Festivali\u2019 olarak d\u00fczenlenen ve son y\u0131llarda uluslararas\u0131 d\u00fczeyde kutlanan Sultanhisar At\u00e7a Nysa \u00c7ilek Tar\u0131m K\u00fclt\u00fcr ve Sanat Festivali 53. kez co\u015fkuya sahne oldu. Nysa Zerafet G\u00fczeli ve \u00c7ilek G\u00fczeli yar\u0131\u015fmalar\u0131 ile gen\u00e7 k\u0131zlar\u0131n heyecanla bekledi\u011fi festival, 7-18 May\u0131s tarihlerinde Sultanhisar ve At\u00e7a\u2019da ger\u00e7ekle\u015ftiriliyor. 9 g\u00fcn s\u00fcrecek olan festivalin ilk g\u00fcn\u00fc co\u015fkuyla ger\u00e7ekle\u015ftirildi. Festival kapsam\u0131nda ger\u00e7ekle\u015ftirilecek olan yar\u0131\u015fmalar\u0131n yan\u0131 s\u0131ra birbirinden \u00fcnl\u00fc isimler de sahne al\u0131rken, festivalin ilk g\u00fcn\u00fcnde sanat\u00e7\u0131 Sevtu\u011f sunumuyla, Edirne Roman Dans Grubu, Ankara Kuzeyin U\u015faklar\u0131 Grubu ve At\u00e7a Bayan Halk Oyunlar\u0131 ekipleri g\u00f6sterilerinin ard\u0131ndan Selcan Temel sahne ald\u0131.<br \/>\n<br \/>Sultanhisar Belediye Ba\u015fkan\u0131 Osman Y\u0131ld\u0131r\u0131mkaya, herkesi festivale davet ederken, konu ile ilgili Sultanhisar Belediyesi\u2019nden yap\u0131lan a\u00e7\u0131klamada &#8220;53. Uluslararas\u0131 Sultanhisar At\u00e7a Nysa \u00c7ilek Tar\u0131m K\u00fclt\u00fcr ve Sanat Festivalimiz, Sultanhisar etkinlikleri ile ba\u015flad\u0131. \u00c7ar\u015famba ak\u015fam\u0131 ilk programda Sevtu\u011f sunumuyla, Edirne Roman Dans Grubu, Ankara Kuzeyin U\u015faklar\u0131 Grubu ve At\u00e7a Bayan Halkoyunlar\u0131 ekipleri g\u00f6sterilerinin ard\u0131ndan Selcan Temel sahne ald\u0131&#8221; ifadeleri yer ald\u0131.<br \/><\/p>\n","protected":false},"excerpt":{"rendered":"<p>Ayd\u0131n\u2019\u0131n Sultanhisar il\u00e7esinde bu y\u0131l 53.\u2019s\u00fc d\u00fczenlenen Uluslararas\u0131 Sultanhisar At\u00e7a Nysa \u00c7ilek Tar\u0131m K\u00fclt\u00fcr ve Sanat Festivali, dans \u015fovlar\u0131 ve konser ile ba\u015flad\u0131. 1940\u2019l\u0131 y\u0131llarda \u2019Portakal Festivali\u2019 olarak d\u00fczenlenen ve son y\u0131llarda uluslararas\u0131 d\u00fczeyde kutlanan Sultanhisar At\u00e7a Nysa \u00c7ilek Tar\u0131m K\u00fclt\u00fcr ve Sanat Festivali 53. kez co\u015fkuya sahne oldu. Nysa Zerafet G\u00fczeli ve \u00c7ilek G\u00fczeli&#8230;<\/p>\n","protected":false},"author":1,"featured_media":27153,"comment_status":"open","ping_status":"open","sticky":false,"template":"","format":"standard","meta":{"_crdt_document":"","footnotes":""},"categories":[1],"tags":[],"class_list":["post-27152","post","type-post","status-publish","format-standard","has-post-thumbnail","hentry","category-guncel"],"_links":{"self":[{"href":"https:\/\/www.egemtv.com\/index.php?rest_route=\/wp\/v2\/posts\/27152","targetHints":{"allow":["GET"]}}],"collection":[{"href":"https:\/\/www.egemtv.com\/index.php?rest_route=\/wp\/v2\/posts"}],"about":[{"href":"https:\/\/www.egemtv.com\/index.php?rest_route=\/wp\/v2\/types\/post"}],"author":[{"embeddable":true,"href":"https:\/\/www.egemtv.com\/index.php?rest_route=\/wp\/v2\/users\/1"}],"replies":[{"embeddable":true,"href":"https:\/\/www.egemtv.com\/index.php?rest_route=%2Fwp%2Fv2%2Fcomments&post=27152"}],"version-history":[{"count":1,"href":"https:\/\/www.egemtv.com\/index.php?rest_route=\/wp\/v2\/posts\/27152\/revisions"}],"predecessor-version":[{"id":27154,"href":"https:\/\/www.egemtv.com\/index.php?rest_route=\/wp\/v2\/posts\/27152\/revisions\/27154"}],"wp:featuredmedia":[{"embeddable":true,"href":"https:\/\/www.egemtv.com\/index.php?rest_route=\/wp\/v2\/media\/27153"}],"wp:attachment":[{"href":"https:\/\/www.egemtv.com\/index.php?rest_route=%2Fwp%2Fv2%2Fmedia&parent=27152"}],"wp:term":[{"taxonomy":"category","embeddable":true,"href":"https:\/\/www.egemtv.com\/index.php?rest_route=%2Fwp%2Fv2%2Fcategories&post=27152"},{"taxonomy":"post_tag","embeddable":true,"href":"https:\/\/www.egemtv.com\/index.php?rest_route=%2Fwp%2Fv2%2Ftags&post=27152"}],"curies":[{"name":"wp","href":"https:\/\/api.w.org\/{rel}","templated":true}]}}