{"id":27146,"date":"2025-05-08T14:16:36","date_gmt":"2025-05-08T11:16:36","guid":{"rendered":"https:\/\/www.egemtv.com\/?p=27146"},"modified":"2025-05-08T14:16:41","modified_gmt":"2025-05-08T11:16:41","slug":"suhutta-bir-kural-bir-omur-sloganiyla-trafik-haftasi-etkinlikleri-yapildi","status":"publish","type":"post","link":"https:\/\/www.egemtv.com\/?p=27146","title":{"rendered":"\u015euhut\u2019ta &#8220;Bir Kural Bir \u00d6m\u00fcr&#8221; slogan\u0131yla \u2019Trafik Haftas\u0131\u2019 etkinlikleri yap\u0131ld\u0131"},"content":{"rendered":"<p>Afyonkarahisar\u2019da Trafik Haftas\u0131 kapsam\u0131nda \u015euhut \u0130l\u00e7e Emniyet M\u00fcd\u00fcrl\u00fc\u011f\u00fc ve \u0130l\u00e7e Jandarma Komutanl\u0131\u011f\u0131 i\u015f birli\u011fiyle s\u00fcr\u00fcc\u00fclere y\u00f6nelik bilgilendirme \u00e7al\u0131\u015fmalar\u0131 ger\u00e7ekle\u015ftirildi.<br \/>\n<br \/>T\u00fcrkiye genelinde her y\u0131l may\u0131s ay\u0131n\u0131n ilk haftas\u0131nda kutlanan Karayolu Trafik Haftas\u0131, bu y\u0131l &#8220;Bir Kural, Bir \u00d6m\u00fcr&#8221; slogan\u0131yla 3-9 May\u0131s 2025 tarihleri aras\u0131nda d\u00fczenleniyor. Bu kapsamda Afyonkarahisar\u2019\u0131n \u015euhut il\u00e7esinde de fark\u0131ndal\u0131k etkinlikleri ba\u015flad\u0131.  \u015euhut \u0130l\u00e7e Emniyet M\u00fcd\u00fcrl\u00fc\u011f\u00fc ile \u0130l\u00e7e Jandarma Komutanl\u0131\u011f\u0131\u2019n\u0131n koordinasyonuyla ger\u00e7ekle\u015ftirilen etkinlikte, il\u00e7enin giri\u015f noktas\u0131nda bulunan Petrol \u00f6n\u00fcnde s\u00fcr\u00fcc\u00fclere trafik g\u00fcvenli\u011fiyle ilgili bro\u015f\u00fcrler da\u011f\u0131t\u0131ld\u0131. Trafik \u015eube ve Jandarma Trafik ekipleri, vatanda\u015flara kurallara uyman\u0131n hayat kurtard\u0131\u011f\u0131na dair bilgilendirmelerde bulundu. Etkinli\u011fin amac\u0131; trafikte can ve mal kay\u0131plar\u0131n\u0131n \u00f6n\u00fcne ge\u00e7mek, s\u00fcr\u00fcc\u00fc ve yayalarda trafik bilincini art\u0131rmak olarak a\u00e7\u0131kland\u0131. Yetkililer, hafta boyunca bilgilendirme faaliyetlerinin devam edece\u011fini belirtti.<br \/><\/p>\n","protected":false},"excerpt":{"rendered":"<p>Afyonkarahisar\u2019da Trafik Haftas\u0131 kapsam\u0131nda \u015euhut \u0130l\u00e7e Emniyet M\u00fcd\u00fcrl\u00fc\u011f\u00fc ve \u0130l\u00e7e Jandarma Komutanl\u0131\u011f\u0131 i\u015f birli\u011fiyle s\u00fcr\u00fcc\u00fclere y\u00f6nelik bilgilendirme \u00e7al\u0131\u015fmalar\u0131 ger\u00e7ekle\u015ftirildi. T\u00fcrkiye genelinde her y\u0131l may\u0131s ay\u0131n\u0131n ilk haftas\u0131nda kutlanan Karayolu Trafik Haftas\u0131, bu y\u0131l &#8220;Bir Kural, Bir \u00d6m\u00fcr&#8221; slogan\u0131yla 3-9 May\u0131s 2025 tarihleri aras\u0131nda d\u00fczenleniyor. Bu kapsamda Afyonkarahisar\u2019\u0131n \u015euhut il\u00e7esinde de fark\u0131ndal\u0131k etkinlikleri ba\u015flad\u0131. \u015euhut \u0130l\u00e7e&#8230;<\/p>\n","protected":false},"author":1,"featured_media":27147,"comment_status":"open","ping_status":"open","sticky":false,"template":"","format":"standard","meta":{"_crdt_document":"","footnotes":""},"categories":[1],"tags":[],"class_list":["post-27146","post","type-post","status-publish","format-standard","has-post-thumbnail","hentry","category-guncel"],"_links":{"self":[{"href":"https:\/\/www.egemtv.com\/index.php?rest_route=\/wp\/v2\/posts\/27146","targetHints":{"allow":["GET"]}}],"collection":[{"href":"https:\/\/www.egemtv.com\/index.php?rest_route=\/wp\/v2\/posts"}],"about":[{"href":"https:\/\/www.egemtv.com\/index.php?rest_route=\/wp\/v2\/types\/post"}],"author":[{"embeddable":true,"href":"https:\/\/www.egemtv.com\/index.php?rest_route=\/wp\/v2\/users\/1"}],"replies":[{"embeddable":true,"href":"https:\/\/www.egemtv.com\/index.php?rest_route=%2Fwp%2Fv2%2Fcomments&post=27146"}],"version-history":[{"count":1,"href":"https:\/\/www.egemtv.com\/index.php?rest_route=\/wp\/v2\/posts\/27146\/revisions"}],"predecessor-version":[{"id":27148,"href":"https:\/\/www.egemtv.com\/index.php?rest_route=\/wp\/v2\/posts\/27146\/revisions\/27148"}],"wp:featuredmedia":[{"embeddable":true,"href":"https:\/\/www.egemtv.com\/index.php?rest_route=\/wp\/v2\/media\/27147"}],"wp:attachment":[{"href":"https:\/\/www.egemtv.com\/index.php?rest_route=%2Fwp%2Fv2%2Fmedia&parent=27146"}],"wp:term":[{"taxonomy":"category","embeddable":true,"href":"https:\/\/www.egemtv.com\/index.php?rest_route=%2Fwp%2Fv2%2Fcategories&post=27146"},{"taxonomy":"post_tag","embeddable":true,"href":"https:\/\/www.egemtv.com\/index.php?rest_route=%2Fwp%2Fv2%2Ftags&post=27146"}],"curies":[{"name":"wp","href":"https:\/\/api.w.org\/{rel}","templated":true}]}}