{"id":27143,"date":"2025-05-08T14:16:34","date_gmt":"2025-05-08T11:16:34","guid":{"rendered":"https:\/\/www.egemtv.com\/?p=27143"},"modified":"2025-05-08T14:16:36","modified_gmt":"2025-05-08T11:16:36","slug":"afyonkarahisarda-is-yerlerinin-korkulu-ruyasi-hirsiz-tutuklandi","status":"publish","type":"post","link":"https:\/\/www.egemtv.com\/?p=27143","title":{"rendered":"Afyonkarahisar\u2019da i\u015f yerlerinin korkulu r\u00fcyas\u0131 h\u0131rs\u0131z tutukland\u0131"},"content":{"rendered":"<p>Afyonkarahisar\u2019da son bir ayda meydana gelen be\u015f faili me\u00e7hul h\u0131rs\u0131zl\u0131k olay\u0131n\u0131n \u015f\u00fcphelisi E.\u015e., polis ekiplerinin titiz \u00e7al\u0131\u015fmas\u0131 sonucu yakalanarak, \u00e7\u0131kar\u0131ld\u0131\u011f\u0131 mahkemece tutukland\u0131.<br \/>\n<br \/>Al\u0131nan bilgiye g\u00f6re, Afyonkarahisar\u2019da son bir ay i\u00e7erisinde farkl\u0131 i\u015f yerlerinde meydana gelen ve faili me\u00e7hul olarak kay\u0131tlara ge\u00e7en 5 ayr\u0131 gece h\u0131rs\u0131zl\u0131\u011f\u0131 olay\u0131n\u0131n \u015f\u00fcphelisi, Asayi\u015f \u015eube M\u00fcd\u00fcrl\u00fc\u011f\u00fc H\u0131rs\u0131zl\u0131k ve Yankesicilik B\u00fcro Amirli\u011fi ekiplerinin titiz \u00e7al\u0131\u015fmalar\u0131 sonucunda tespit edildi. Ekipler taraf\u0131ndan ba\u015flat\u0131lan \u00e7al\u0131\u015fma sonras\u0131nda \u015f\u00fcpheli E.\u015e., k\u0131sa s\u00fcrede yakaland\u0131. Emniyete getirilen E.\u015e., ifadesinin al\u0131nmas\u0131n\u0131n ard\u0131ndan adliyeye sevk edildi. \u015e\u00fcpheli \u00e7\u0131kar\u0131ld\u0131\u011f\u0131 mahkemece tutukland\u0131.<br \/>\n<br \/>\u00d6te yandan yap\u0131lan incelemelerde \u015f\u00fcpheli E.\u015e.\u2019nin, yerel bir zincir marketten g\u0131da ve temizlik malzemeleri, bir baklavac\u0131dan \u00e7ok say\u0131da bak\u0131r tepsi ve bir i\u015f yerinin \u00f6n\u00fcnde park halindeki ara\u00e7tan iki adet a\u011fa\u00e7 kesme motoru ile bir i\u015fyerinden de kokore\u00e7 tezg\u00e2h\u0131 \u00e7ald\u0131\u011f\u0131 belirlendi. \u015e\u00fcphelinin benzer su\u00e7lardan daha \u00f6ncede \u00e7ok say\u0131da su\u00e7 kayd\u0131n\u0131n bulundu\u011fu \u00f6\u011frenildi.<br \/><\/p>\n","protected":false},"excerpt":{"rendered":"<p>Afyonkarahisar\u2019da son bir ayda meydana gelen be\u015f faili me\u00e7hul h\u0131rs\u0131zl\u0131k olay\u0131n\u0131n \u015f\u00fcphelisi E.\u015e., polis ekiplerinin titiz \u00e7al\u0131\u015fmas\u0131 sonucu yakalanarak, \u00e7\u0131kar\u0131ld\u0131\u011f\u0131 mahkemece tutukland\u0131. Al\u0131nan bilgiye g\u00f6re, Afyonkarahisar\u2019da son bir ay i\u00e7erisinde farkl\u0131 i\u015f yerlerinde meydana gelen ve faili me\u00e7hul olarak kay\u0131tlara ge\u00e7en 5 ayr\u0131 gece h\u0131rs\u0131zl\u0131\u011f\u0131 olay\u0131n\u0131n \u015f\u00fcphelisi, Asayi\u015f \u015eube M\u00fcd\u00fcrl\u00fc\u011f\u00fc H\u0131rs\u0131zl\u0131k ve Yankesicilik B\u00fcro Amirli\u011fi&#8230;<\/p>\n","protected":false},"author":1,"featured_media":27144,"comment_status":"open","ping_status":"open","sticky":false,"template":"","format":"standard","meta":{"_crdt_document":"","footnotes":""},"categories":[5],"tags":[],"class_list":["post-27143","post","type-post","status-publish","format-standard","has-post-thumbnail","hentry","category-asayis"],"_links":{"self":[{"href":"https:\/\/www.egemtv.com\/index.php?rest_route=\/wp\/v2\/posts\/27143","targetHints":{"allow":["GET"]}}],"collection":[{"href":"https:\/\/www.egemtv.com\/index.php?rest_route=\/wp\/v2\/posts"}],"about":[{"href":"https:\/\/www.egemtv.com\/index.php?rest_route=\/wp\/v2\/types\/post"}],"author":[{"embeddable":true,"href":"https:\/\/www.egemtv.com\/index.php?rest_route=\/wp\/v2\/users\/1"}],"replies":[{"embeddable":true,"href":"https:\/\/www.egemtv.com\/index.php?rest_route=%2Fwp%2Fv2%2Fcomments&post=27143"}],"version-history":[{"count":1,"href":"https:\/\/www.egemtv.com\/index.php?rest_route=\/wp\/v2\/posts\/27143\/revisions"}],"predecessor-version":[{"id":27145,"href":"https:\/\/www.egemtv.com\/index.php?rest_route=\/wp\/v2\/posts\/27143\/revisions\/27145"}],"wp:featuredmedia":[{"embeddable":true,"href":"https:\/\/www.egemtv.com\/index.php?rest_route=\/wp\/v2\/media\/27144"}],"wp:attachment":[{"href":"https:\/\/www.egemtv.com\/index.php?rest_route=%2Fwp%2Fv2%2Fmedia&parent=27143"}],"wp:term":[{"taxonomy":"category","embeddable":true,"href":"https:\/\/www.egemtv.com\/index.php?rest_route=%2Fwp%2Fv2%2Fcategories&post=27143"},{"taxonomy":"post_tag","embeddable":true,"href":"https:\/\/www.egemtv.com\/index.php?rest_route=%2Fwp%2Fv2%2Ftags&post=27143"}],"curies":[{"name":"wp","href":"https:\/\/api.w.org\/{rel}","templated":true}]}}