{"id":27011,"date":"2025-05-07T21:45:19","date_gmt":"2025-05-07T18:45:19","guid":{"rendered":"https:\/\/www.egemtv.com\/?p=27011"},"modified":"2025-05-07T21:45:26","modified_gmt":"2025-05-07T18:45:26","slug":"burdurda-96-itfaiyeci-koordinasyon-ve-kriz-yonetimi-tatbikati-yapti","status":"publish","type":"post","link":"https:\/\/www.egemtv.com\/?p=27011","title":{"rendered":"Burdur\u2019da 96 itfaiyeci, koordinasyon ve kriz y\u00f6netimi tatbikat\u0131 yapt\u0131"},"content":{"rendered":"<p>Burdur Belediyesi \u0130tfaiye M\u00fcd\u00fcrl\u00fc\u011f\u00fc taraf\u0131ndan organize edilen &#8220;Temel \u0130tfaiyecilik ve Arama Kurtarma E\u011fitimi&#8221;, 16 farkl\u0131 b\u00f6lgeden gelen 96 personelin kat\u0131l\u0131m\u0131yla iki g\u00fcn boyunca s\u00fcrd\u00fc. E\u011fitim program\u0131, yang\u0131n ve afetlere m\u00fcdahalede bilgi ve beceri payla\u015f\u0131m\u0131n\u0131 art\u0131rmay\u0131 hedeflerken; kat\u0131l\u0131mc\u0131lara hem teorik hem de uygulamal\u0131 e\u011fitimler verildi.<br \/>\n<br \/>Program\u0131n ilk g\u00fcn\u00fc Burdur Belediyesi Konferans Salonu\u2019nda teorik e\u011fitimlerle ba\u015flad\u0131. Burdur merkez ve il\u00e7eleri ile Afyon\u2019un Sand\u0131kl\u0131 ve \u0130scehisar il\u00e7elerinden gelen itfaiyecilere; yang\u0131na m\u00fcdahale esaslar\u0131, olay yeri hakimiyeti, kriz ve risk y\u00f6netimi, ekip koordinasyonu, yang\u0131n s\u00f6nd\u00fcrme ara\u00e7lar\u0131 ve ki\u015fisel koruyucu donan\u0131m kullan\u0131m\u0131 gibi ba\u015fl\u0131klarda bilgiler aktar\u0131ld\u0131.<br \/>\n<br \/>\u0130kinci g\u00fcn ise Burdur Belediyesi\u2019ne ba\u011fl\u0131 eski otogar alan\u0131ndaki \u0130tfaiye E\u011fitim Sahas\u0131\u2019nda uygulamal\u0131 tatbikatlara ge\u00e7ildi. Burada kat\u0131l\u0131mc\u0131lar; ev, ara\u00e7, orman, end\u00fcstriyel tesis yang\u0131nlar\u0131 ile sel, \u00e7\u0131\u011f, heyelan, deprem ve trafik kazalar\u0131na m\u00fcdahale tatbikatlar\u0131n\u0131 sahada birebir uygulamal\u0131 olarak ger\u00e7ekle\u015ftirdi.  Tatbikatlar sonunda e\u011fitime kat\u0131lan t\u00fcm personele sertifikalar\u0131 verildi.<\/p>\n<p>&#8220;Koordinasyon eksikli\u011fi olmamas\u0131 i\u00e7in kriz y\u00f6netimine a\u011f\u0131rl\u0131k verdik&#8221;<br \/>\n<br \/>E\u011fitim program\u0131yla ilgili a\u00e7\u0131klamada bulunan Burdur \u0130tfaiye M\u00fcd\u00fcr\u00fc Mehmet Ali Ballak, &#8220;Bug\u00fcn burada 16 b\u00f6lgeden 96 itfaiyecinin temel itfaiyecilik ve arama kurtarma e\u011fitimlerini tamamlad\u0131k. E\u011fitimlerimiz iki g\u00fcn s\u00fcrd\u00fc. Teorikte yang\u0131na m\u00fcdahale, olay yeri y\u00f6netimi, kriz ve risk de\u011ferlendirmesi, ekip koordinasyonu gibi konular\u0131 i\u015fledik. Uygulamalarda ise farkl\u0131 yang\u0131n t\u00fcrleri ve afet senaryolar\u0131 \u00fczerinden sahada birebir tatbikatlar ger\u00e7ekle\u015ftirdik. Bu e\u011fitimdeki as\u0131l amac\u0131m\u0131z, farkl\u0131 b\u00f6lgelerden gelen itfaiyecilerle birlikte \u00e7al\u0131\u015fabilirlik becerimizi geli\u015ftirmekti. \u00dclkemizin son y\u0131llarda ya\u015fad\u0131\u011f\u0131 afetlerde koordinasyon eksikli\u011fi ciddi bir problem olarak kar\u015f\u0131m\u0131za \u00e7\u0131k\u0131yor. Bu nedenle kriz y\u00f6netimi ve olay yeri hakimiyeti konular\u0131na \u00f6zellikle a\u011f\u0131rl\u0131k verdik. Kat\u0131lan t\u00fcm personele ve eme\u011fi ge\u00e7en herkese te\u015fekk\u00fcr ediyorum&#8221; dedi.<\/p>\n<p>&#8220;Ara\u00e7 \u00e7al\u0131\u015f\u0131r, el \u00f6v\u00fcn\u00fcr; ekipman olmadan itfaiyecilik olmaz&#8221;<br \/>\n<br \/>E\u011fitimlere Afyon\u2019un \u0130scehisar il\u00e7esinden kat\u0131lan itfaiye eri \u015eemsettin Akba\u015f ise, &#8220;7 y\u0131ld\u0131r itfaiyecilik mesle\u011fini yap\u0131yorum. Burdur \u0130tfaiye M\u00fcd\u00fcrl\u00fc\u011f\u00fc\u2019n\u00fcn haz\u0131rlam\u0131\u015f oldu\u011fu bu e\u011fitim program\u0131na kat\u0131lmaktan memnuniyet duydum. Teorik bilginin yan\u0131nda esas geli\u015fim tecr\u00fcbeyle oluyor. Burada farkl\u0131 b\u00f6lgelerden gelen meslekta\u015flar\u0131m\u0131zla ya\u015fanm\u0131\u015f olaylardan edindi\u011fimiz tecr\u00fcbeleri payla\u015ft\u0131k. E\u011fitim boyunca farkl\u0131 ara\u00e7 ve ekipmanlarla \u00e7al\u0131\u015fma f\u0131rsat\u0131 bulduk. Ne kadar iyi bir itfaiyeci olursan\u0131z olun, ara\u00e7 ve ekipman yeterli de\u011filse ba\u015far\u0131l\u0131 olamazs\u0131n\u0131z. Burada bunun fark\u0131na vard\u0131k. Arama kurtarma, yang\u0131n t\u00fcrleri ve sel gibi afetlere m\u00fcdahale konular\u0131nda \u00e7ok verimli bir e\u011fitim s\u00fcreci ge\u00e7irdik&#8221; diye konu\u015ftu.<br \/><\/p>\n","protected":false},"excerpt":{"rendered":"<p>Burdur Belediyesi \u0130tfaiye M\u00fcd\u00fcrl\u00fc\u011f\u00fc taraf\u0131ndan organize edilen &#8220;Temel \u0130tfaiyecilik ve Arama Kurtarma E\u011fitimi&#8221;, 16 farkl\u0131 b\u00f6lgeden gelen 96 personelin kat\u0131l\u0131m\u0131yla iki g\u00fcn boyunca s\u00fcrd\u00fc. E\u011fitim program\u0131, yang\u0131n ve afetlere m\u00fcdahalede bilgi ve beceri payla\u015f\u0131m\u0131n\u0131 art\u0131rmay\u0131 hedeflerken; kat\u0131l\u0131mc\u0131lara hem teorik hem de uygulamal\u0131 e\u011fitimler verildi. Program\u0131n ilk g\u00fcn\u00fc Burdur Belediyesi Konferans Salonu\u2019nda teorik e\u011fitimlerle ba\u015flad\u0131. Burdur&#8230;<\/p>\n","protected":false},"author":1,"featured_media":27012,"comment_status":"open","ping_status":"open","sticky":false,"template":"","format":"standard","meta":{"_crdt_document":"","footnotes":""},"categories":[5],"tags":[],"class_list":["post-27011","post","type-post","status-publish","format-standard","has-post-thumbnail","hentry","category-asayis"],"_links":{"self":[{"href":"https:\/\/www.egemtv.com\/index.php?rest_route=\/wp\/v2\/posts\/27011","targetHints":{"allow":["GET"]}}],"collection":[{"href":"https:\/\/www.egemtv.com\/index.php?rest_route=\/wp\/v2\/posts"}],"about":[{"href":"https:\/\/www.egemtv.com\/index.php?rest_route=\/wp\/v2\/types\/post"}],"author":[{"embeddable":true,"href":"https:\/\/www.egemtv.com\/index.php?rest_route=\/wp\/v2\/users\/1"}],"replies":[{"embeddable":true,"href":"https:\/\/www.egemtv.com\/index.php?rest_route=%2Fwp%2Fv2%2Fcomments&post=27011"}],"version-history":[{"count":1,"href":"https:\/\/www.egemtv.com\/index.php?rest_route=\/wp\/v2\/posts\/27011\/revisions"}],"predecessor-version":[{"id":27013,"href":"https:\/\/www.egemtv.com\/index.php?rest_route=\/wp\/v2\/posts\/27011\/revisions\/27013"}],"wp:featuredmedia":[{"embeddable":true,"href":"https:\/\/www.egemtv.com\/index.php?rest_route=\/wp\/v2\/media\/27012"}],"wp:attachment":[{"href":"https:\/\/www.egemtv.com\/index.php?rest_route=%2Fwp%2Fv2%2Fmedia&parent=27011"}],"wp:term":[{"taxonomy":"category","embeddable":true,"href":"https:\/\/www.egemtv.com\/index.php?rest_route=%2Fwp%2Fv2%2Fcategories&post=27011"},{"taxonomy":"post_tag","embeddable":true,"href":"https:\/\/www.egemtv.com\/index.php?rest_route=%2Fwp%2Fv2%2Ftags&post=27011"}],"curies":[{"name":"wp","href":"https:\/\/api.w.org\/{rel}","templated":true}]}}